{"id":10022,"date":"2025-12-17T23:26:12","date_gmt":"2025-12-17T23:26:12","guid":{"rendered":"https:\/\/novo.aeermesinde.net\/wp\/?p=10022"},"modified":"2025-12-17T23:26:15","modified_gmt":"2025-12-17T23:26:15","slug":"cerimonia-de-entrega-dos-diplomas-de-quadros-de-honra-e-merito-2024-2025","status":"publish","type":"post","link":"https:\/\/novo.aeermesinde.net\/wp\/cerimonia-de-entrega-dos-diplomas-de-quadros-de-honra-e-merito-2024-2025\/","title":{"rendered":"Cerim\u00f3nia de Entrega dos Diplomas de Quadros de Honra e M\u00e9rito 2024\/2025"},"content":{"rendered":"\n<p>No passado dia 17 de dezembro, o Agrupamento de Escolas de Ermesinde realizou mais uma edi\u00e7\u00e3o da Cerim\u00f3nia de Entrega dos Diplomas de Quadros de Honra e M\u00e9rito, dirigida aos alunos do Ensino B\u00e1sico e do Ensino Secund\u00e1rio.<\/p>\n\n\n\n<p>O evento decorreu no polivalente da Escola B\u00e1sica e Secund\u00e1ria de Ermesinde e contou com grande participa\u00e7\u00e3o de alunos, fam\u00edlias, encarregados de educa\u00e7\u00e3o e professores, que encheram o espa\u00e7o de entusiasmo e orgulho.<\/p>\n\n\n\n<p>A cerim\u00f3nia decorreu de forma muito positiva, num ambiente marcado pela celebra\u00e7\u00e3o do esfor\u00e7o, da dedica\u00e7\u00e3o e do talento dos nossos alunos. Foi um momento especial onde destac\u00e1mos n\u00e3o apenas os resultados acad\u00e9micos, mas tamb\u00e9m o compromisso di\u00e1rio, a persist\u00eancia e os valores que contribuem para o sucesso escolar e pessoal de cada estudante.<\/p>\n\n\n\n<p>A Dire\u00e7\u00e3o do Agrupamento agradece a toda a equipa organizadora, cujo trabalho e dedica\u00e7\u00e3o tornaram este evento poss\u00edvel, e agradece igualmente \u00e0s fam\u00edlias pela presen\u00e7a e apoio constante ao percurso educativo dos seus educandos.<\/p>\n\n\n\n<p>Felicitamos, com enorme orgulho, todos os alunos distinguidos, reconhecendo que estas conquistas representam mais do que notas: representam responsabilidade, autonomia, trabalho cont\u00ednuo e a constru\u00e7\u00e3o de um caminho s\u00f3lido para o futuro.<\/p>\n\n\n\n<p>Este reconhecimento \u00e9 um marco importante no percurso escolar dos nossos estudantes, refor\u00e7ando a import\u00e2ncia de acreditar no seu potencial e de valorizar todas as etapas do processo de aprendizagem.<\/p>\n\n\n\n<p>Parab\u00e9ns a todos e que continuem a trabalhar no caminho do m\u00e9rito, da curiosidade e do compromisso.<\/p>\n\n\n\n<figure class=\"wp-block-gallery has-nested-images columns-default is-cropped wp-block-gallery-1 is-layout-flex wp-block-gallery-is-layout-flex\">\n<figure class=\"wp-block-image size-large\"><img loading=\"lazy\" decoding=\"async\" width=\"1024\" height=\"576\" data-id=\"10025\" src=\"https:\/\/novo.aeermesinde.net\/wp\/wp-content\/uploads\/2025\/12\/8-1-1024x576.jpg\" alt=\"\" class=\"wp-image-10025\" srcset=\"https:\/\/novo.aeermesinde.net\/wp\/wp-content\/uploads\/2025\/12\/8-1-1024x576.jpg 1024w, https:\/\/novo.aeermesinde.net\/wp\/wp-content\/uploads\/2025\/12\/8-1-300x169.jpg 300w, https:\/\/novo.aeermesinde.net\/wp\/wp-content\/uploads\/2025\/12\/8-1-768x432.jpg 768w, https:\/\/novo.aeermesinde.net\/wp\/wp-content\/uploads\/2025\/12\/8-1-1536x864.jpg 1536w, https:\/\/novo.aeermesinde.net\/wp\/wp-content\/uploads\/2025\/12\/8-1.jpg 1600w\" sizes=\"auto, (max-width: 1024px) 100vw, 1024px\" \/><\/figure>\n\n\n\n<figure class=\"wp-block-image size-large\"><img loading=\"lazy\" decoding=\"async\" width=\"852\" height=\"1024\" data-id=\"10023\" src=\"https:\/\/novo.aeermesinde.net\/wp\/wp-content\/uploads\/2025\/12\/7-1-852x1024.jpg\" alt=\"\" class=\"wp-image-10023\" srcset=\"https:\/\/novo.aeermesinde.net\/wp\/wp-content\/uploads\/2025\/12\/7-1-852x1024.jpg 852w, https:\/\/novo.aeermesinde.net\/wp\/wp-content\/uploads\/2025\/12\/7-1-250x300.jpg 250w, https:\/\/novo.aeermesinde.net\/wp\/wp-content\/uploads\/2025\/12\/7-1-768x923.jpg 768w, https:\/\/novo.aeermesinde.net\/wp\/wp-content\/uploads\/2025\/12\/7-1.jpg 959w\" sizes=\"auto, (max-width: 852px) 100vw, 852px\" \/><\/figure>\n\n\n\n<figure class=\"wp-block-image size-large\"><img loading=\"lazy\" decoding=\"async\" width=\"772\" height=\"1024\" data-id=\"10024\" src=\"https:\/\/novo.aeermesinde.net\/wp\/wp-content\/uploads\/2025\/12\/6-2-772x1024.jpg\" alt=\"\" class=\"wp-image-10024\" srcset=\"https:\/\/novo.aeermesinde.net\/wp\/wp-content\/uploads\/2025\/12\/6-2-772x1024.jpg 772w, https:\/\/novo.aeermesinde.net\/wp\/wp-content\/uploads\/2025\/12\/6-2-226x300.jpg 226w, https:\/\/novo.aeermesinde.net\/wp\/wp-content\/uploads\/2025\/12\/6-2-768x1019.jpg 768w, https:\/\/novo.aeermesinde.net\/wp\/wp-content\/uploads\/2025\/12\/6-2.jpg 868w\" sizes=\"auto, (max-width: 772px) 100vw, 772px\" \/><\/figure>\n\n\n\n<figure class=\"wp-block-image size-large\"><img loading=\"lazy\" decoding=\"async\" width=\"1024\" height=\"772\" data-id=\"10026\" src=\"https:\/\/novo.aeermesinde.net\/wp\/wp-content\/uploads\/2025\/12\/5-6-1024x772.jpg\" alt=\"\" class=\"wp-image-10026\" srcset=\"https:\/\/novo.aeermesinde.net\/wp\/wp-content\/uploads\/2025\/12\/5-6-1024x772.jpg 1024w, https:\/\/novo.aeermesinde.net\/wp\/wp-content\/uploads\/2025\/12\/5-6-300x226.jpg 300w, https:\/\/novo.aeermesinde.net\/wp\/wp-content\/uploads\/2025\/12\/5-6-768x579.jpg 768w, https:\/\/novo.aeermesinde.net\/wp\/wp-content\/uploads\/2025\/12\/5-6.jpg 1152w\" sizes=\"auto, (max-width: 1024px) 100vw, 1024px\" \/><\/figure>\n\n\n\n<figure class=\"wp-block-image size-large\"><img loading=\"lazy\" decoding=\"async\" width=\"1024\" height=\"545\" data-id=\"10029\" src=\"https:\/\/novo.aeermesinde.net\/wp\/wp-content\/uploads\/2025\/12\/4-8-1024x545.jpg\" alt=\"\" class=\"wp-image-10029\" srcset=\"https:\/\/novo.aeermesinde.net\/wp\/wp-content\/uploads\/2025\/12\/4-8-1024x545.jpg 1024w, https:\/\/novo.aeermesinde.net\/wp\/wp-content\/uploads\/2025\/12\/4-8-300x160.jpg 300w, https:\/\/novo.aeermesinde.net\/wp\/wp-content\/uploads\/2025\/12\/4-8-768x408.jpg 768w, https:\/\/novo.aeermesinde.net\/wp\/wp-content\/uploads\/2025\/12\/4-8-1536x817.jpg 1536w, https:\/\/novo.aeermesinde.net\/wp\/wp-content\/uploads\/2025\/12\/4-8.jpg 2048w\" sizes=\"auto, (max-width: 1024px) 100vw, 1024px\" \/><\/figure>\n\n\n\n<figure class=\"wp-block-image size-large\"><img loading=\"lazy\" decoding=\"async\" width=\"1024\" height=\"658\" data-id=\"10028\" src=\"https:\/\/novo.aeermesinde.net\/wp\/wp-content\/uploads\/2025\/12\/3-11-1024x658.jpg\" alt=\"\" class=\"wp-image-10028\" srcset=\"https:\/\/novo.aeermesinde.net\/wp\/wp-content\/uploads\/2025\/12\/3-11-1024x658.jpg 1024w, https:\/\/novo.aeermesinde.net\/wp\/wp-content\/uploads\/2025\/12\/3-11-300x193.jpg 300w, https:\/\/novo.aeermesinde.net\/wp\/wp-content\/uploads\/2025\/12\/3-11-768x494.jpg 768w, https:\/\/novo.aeermesinde.net\/wp\/wp-content\/uploads\/2025\/12\/3-11-1536x987.jpg 1536w, https:\/\/novo.aeermesinde.net\/wp\/wp-content\/uploads\/2025\/12\/3-11.jpg 2048w\" sizes=\"auto, (max-width: 1024px) 100vw, 1024px\" \/><\/figure>\n\n\n\n<figure class=\"wp-block-image size-large\"><img loading=\"lazy\" decoding=\"async\" width=\"1024\" height=\"771\" data-id=\"10030\" src=\"https:\/\/novo.aeermesinde.net\/wp\/wp-content\/uploads\/2025\/12\/2-15-1024x771.jpg\" alt=\"\" class=\"wp-image-10030\" srcset=\"https:\/\/novo.aeermesinde.net\/wp\/wp-content\/uploads\/2025\/12\/2-15-1024x771.jpg 1024w, https:\/\/novo.aeermesinde.net\/wp\/wp-content\/uploads\/2025\/12\/2-15-300x226.jpg 300w, https:\/\/novo.aeermesinde.net\/wp\/wp-content\/uploads\/2025\/12\/2-15-768x578.jpg 768w, https:\/\/novo.aeermesinde.net\/wp\/wp-content\/uploads\/2025\/12\/2-15-1536x1157.jpg 1536w, https:\/\/novo.aeermesinde.net\/wp\/wp-content\/uploads\/2025\/12\/2-15.jpg 2048w\" sizes=\"auto, (max-width: 1024px) 100vw, 1024px\" \/><\/figure>\n\n\n\n<figure class=\"wp-block-image size-large\"><img loading=\"lazy\" decoding=\"async\" width=\"771\" height=\"1024\" data-id=\"10031\" src=\"https:\/\/novo.aeermesinde.net\/wp\/wp-content\/uploads\/2025\/12\/1-15-771x1024.jpg\" alt=\"\" class=\"wp-image-10031\" srcset=\"https:\/\/novo.aeermesinde.net\/wp\/wp-content\/uploads\/2025\/12\/1-15-771x1024.jpg 771w, https:\/\/novo.aeermesinde.net\/wp\/wp-content\/uploads\/2025\/12\/1-15-226x300.jpg 226w, https:\/\/novo.aeermesinde.net\/wp\/wp-content\/uploads\/2025\/12\/1-15-768x1020.jpg 768w, https:\/\/novo.aeermesinde.net\/wp\/wp-content\/uploads\/2025\/12\/1-15-1157x1536.jpg 1157w, https:\/\/novo.aeermesinde.net\/wp\/wp-content\/uploads\/2025\/12\/1-15.jpg 1542w\" sizes=\"auto, (max-width: 771px) 100vw, 771px\" \/><\/figure>\n\n\n\n<figure class=\"wp-block-image size-large\"><img loading=\"lazy\" decoding=\"async\" width=\"290\" height=\"244\" data-id=\"10027\" src=\"https:\/\/novo.aeermesinde.net\/wp\/wp-content\/uploads\/2025\/12\/capa-23.jpg\" alt=\"\" class=\"wp-image-10027\"\/><\/figure>\n<\/figure>\n","protected":false},"excerpt":{"rendered":"<p>No passado dia 17 de dezembro, o Agrupamento de Escolas de Ermesinde realizou mais uma edi\u00e7\u00e3o da Cerim\u00f3nia de Entrega dos Diplomas de Quadros de Honra e M\u00e9rito, dirigida aos alunos do Ensino B\u00e1sico e do Ensino Secund\u00e1rio. O evento <a href=\"https:\/\/novo.aeermesinde.net\/wp\/cerimonia-de-entrega-dos-diplomas-de-quadros-de-honra-e-merito-2024-2025\/\" class=\"read-more\">Read More &#8230;<\/a><\/p>\n","protected":false},"author":1,"featured_media":10027,"comment_status":"open","ping_status":"open","sticky":false,"template":"","format":"standard","meta":{"_jetpack_memberships_contains_paid_content":false,"footnotes":"","jetpack_publicize_message":"","jetpack_publicize_feature_enabled":true,"jetpack_social_post_already_shared":true,"jetpack_social_options":{"image_generator_settings":{"template":"highway","default_image_id":0,"font":"","enabled":false},"version":2}},"categories":[1],"tags":[],"class_list":["post-10022","post","type-post","status-publish","format-standard","has-post-thumbnail","hentry","category-uncategorized"],"jetpack_publicize_connections":[],"jetpack_featured_media_url":"https:\/\/novo.aeermesinde.net\/wp\/wp-content\/uploads\/2025\/12\/capa-23.jpg","jetpack_sharing_enabled":true,"jetpack_likes_enabled":true,"_links":{"self":[{"href":"https:\/\/novo.aeermesinde.net\/wp\/wp-json\/wp\/v2\/posts\/10022","targetHints":{"allow":["GET"]}}],"collection":[{"href":"https:\/\/novo.aeermesinde.net\/wp\/wp-json\/wp\/v2\/posts"}],"about":[{"href":"https:\/\/novo.aeermesinde.net\/wp\/wp-json\/wp\/v2\/types\/post"}],"author":[{"embeddable":true,"href":"https:\/\/novo.aeermesinde.net\/wp\/wp-json\/wp\/v2\/users\/1"}],"replies":[{"embeddable":true,"href":"https:\/\/novo.aeermesinde.net\/wp\/wp-json\/wp\/v2\/comments?post=10022"}],"version-history":[{"count":1,"href":"https:\/\/novo.aeermesinde.net\/wp\/wp-json\/wp\/v2\/posts\/10022\/revisions"}],"predecessor-version":[{"id":10032,"href":"https:\/\/novo.aeermesinde.net\/wp\/wp-json\/wp\/v2\/posts\/10022\/revisions\/10032"}],"wp:featuredmedia":[{"embeddable":true,"href":"https:\/\/novo.aeermesinde.net\/wp\/wp-json\/wp\/v2\/media\/10027"}],"wp:attachment":[{"href":"https:\/\/novo.aeermesinde.net\/wp\/wp-json\/wp\/v2\/media?parent=10022"}],"wp:term":[{"taxonomy":"category","embeddable":true,"href":"https:\/\/novo.aeermesinde.net\/wp\/wp-json\/wp\/v2\/categories?post=10022"},{"taxonomy":"post_tag","embeddable":true,"href":"https:\/\/novo.aeermesinde.net\/wp\/wp-json\/wp\/v2\/tags?post=10022"}],"curies":[{"name":"wp","href":"https:\/\/api.w.org\/{rel}","templated":true}]}}