{"id":10103,"date":"2025-12-19T07:32:44","date_gmt":"2025-12-19T07:32:44","guid":{"rendered":"https:\/\/novo.aeermesinde.net\/wp\/?p=10103"},"modified":"2025-12-19T07:32:48","modified_gmt":"2025-12-19T07:32:48","slug":"performance-mudarte-linhas-invisiveis","status":"publish","type":"post","link":"https:\/\/novo.aeermesinde.net\/wp\/performance-mudarte-linhas-invisiveis\/","title":{"rendered":"Performance Mud\u2019Arte &#8211; Linhas Invis\u00edveis"},"content":{"rendered":"\n<p>No Polivalente da ESE, no \u00e2mbito do Projeto DH\/AI, v\u00e1rias turmas do 3.\u00ba ciclo e do Ensino Secund\u00e1rio assistiram \u00e0 pe\u00e7a \u201cLinhas Invis\u00edveis\u201d, uma performance apresentada pelos alunos do grupo de teatro Mud\u2019ARTE, da Escola do Xisto (Valongo) &#8211; Associa\u00e7\u00e3o Viver Alfena.<\/p>\n\n\n\n<p>Atrav\u00e9s de uma linguagem art\u00edstica intensa e profundamente humana, \u201cLinhas Invis\u00edveis\u201d trouxe para o centro do palco temas estruturantes da Educa\u00e7\u00e3o para a Cidadania, como a inclus\u00e3o, a igualdade, a dignidade humana e o respeito pela diferen\u00e7a, convocando o p\u00fablico para uma reflex\u00e3o cr\u00edtica sobre os Direitos Humanos e sobre as barreiras \u2014 muitas vezes invis\u00edveis \u2014 que persistem na sociedade.<\/p>\n\n\n\n<p>O impacto da pe\u00e7a foi profundamente sentido pelos alunos, como revelam os seus testemunhos:<\/p>\n\n\n\n<p>\u201cEntrei na escola como se fosse um dia comum, e tive a surpresa de sair de cora\u00e7\u00e3o cheio. Emocionei-me com a atua\u00e7\u00e3o, pois nunca tinha visto nada parecido. Tocou-me imenso. Valeu a pena estar ali e ter vindo \u00e0 escola.\u201d (10.\u00ba H)<\/p>\n\n\n\n<p>\u201cEu senti que, \u00e0s vezes, n\u00e3o temos no\u00e7\u00e3o do qu\u00e3o privilegiados somos com as nossas condi\u00e7\u00f5es f\u00edsicas e intelectuais.\u201d (10.\u00ba H)<\/p>\n\n\n\n<p>\u201cEmocionei-me imenso. A diferen\u00e7a n\u00e3o nos limita. A ajuda e a colabora\u00e7\u00e3o do pr\u00f3ximo tornam o imposs\u00edvel poss\u00edvel.\u201d (10.\u00ba H)<\/p>\n\n\n\n<p>\u201cAssisti a um teatro inclusivo que me fez entender o qu\u00e3o dif\u00edcil \u00e9 a vida de pessoas com necessidades especiais. Senti empatia, emo\u00e7\u00e3o e felicidade\u2026 para al\u00e9m da express\u00e3o art\u00edstica muito bem trabalhada, deixaram-nos uma bela mensagem.\u201d (10.\u00ba H)<\/p>\n\n\n\n<p>Estas vozes refletem aprendizagens essenciais alinhadas com o Perfil dos Alunos \u00e0 Sa\u00edda da Escolaridade Obrigat\u00f3ria, nomeadamente o desenvolvimento da empatia, do pensamento cr\u00edtico, da consci\u00eancia social, do respeito pelos Direitos Humanos e da capacidade de agir de forma respons\u00e1vel e solid\u00e1ria numa sociedade plural.<\/p>\n\n\n\n<p>Sa\u00edmos de cora\u00e7\u00e3o cheio, mas tamb\u00e9m interpelados a agir. Diferentes, sim \u2014 mas iguais em direitos. Linhas Invis\u00edveis foi um verdadeiro \u201cmurro no est\u00f4mago\u201d: emocionou, incomodou e transformou, lembrando-nos que a escola \u00e9, tamb\u00e9m, um espa\u00e7o privilegiado para formar cidad\u00e3os conscientes, inclusivos e comprometidos com o outro. Porque educar para os Direitos Humanos \u00e9 educar para a inclus\u00e3o, colabora\u00e7\u00e3o, coopera\u00e7\u00e3o e partilha.<\/p>\n\n\n\n<p>Obrigada a todos pelo comportamento exemplar.<\/p>\n\n\n\n<p>Projeto DH\/AI<\/p>\n\n\n\n<p>Alice, Anabela, Ivone<\/p>\n\n\n\n<figure class=\"wp-block-gallery has-nested-images columns-default is-cropped wp-block-gallery-1 is-layout-flex wp-block-gallery-is-layout-flex\">\n<figure class=\"wp-block-image size-large\"><img loading=\"lazy\" decoding=\"async\" width=\"228\" height=\"170\" data-id=\"10104\" src=\"https:\/\/novo.aeermesinde.net\/wp\/wp-content\/uploads\/2025\/12\/2-19.jpg\" alt=\"\" class=\"wp-image-10104\"\/><\/figure>\n\n\n\n<figure class=\"wp-block-image size-large\"><img loading=\"lazy\" decoding=\"async\" width=\"205\" height=\"157\" data-id=\"10105\" src=\"https:\/\/novo.aeermesinde.net\/wp\/wp-content\/uploads\/2025\/12\/1-21.jpg\" alt=\"\" class=\"wp-image-10105\"\/><\/figure>\n\n\n\n<figure class=\"wp-block-image size-large\"><img loading=\"lazy\" decoding=\"async\" width=\"161\" height=\"162\" data-id=\"10106\" src=\"https:\/\/novo.aeermesinde.net\/wp\/wp-content\/uploads\/2025\/12\/capa-30.jpg\" alt=\"\" class=\"wp-image-10106\" srcset=\"https:\/\/novo.aeermesinde.net\/wp\/wp-content\/uploads\/2025\/12\/capa-30.jpg 161w, https:\/\/novo.aeermesinde.net\/wp\/wp-content\/uploads\/2025\/12\/capa-30-150x150.jpg 150w\" sizes=\"auto, (max-width: 161px) 100vw, 161px\" \/><\/figure>\n<\/figure>\n","protected":false},"excerpt":{"rendered":"<p>No Polivalente da ESE, no \u00e2mbito do Projeto DH\/AI, v\u00e1rias turmas do 3.\u00ba ciclo e do Ensino Secund\u00e1rio assistiram \u00e0 pe\u00e7a \u201cLinhas Invis\u00edveis\u201d, uma performance apresentada pelos alunos do grupo de teatro Mud\u2019ARTE, da Escola do Xisto (Valongo) &#8211; Associa\u00e7\u00e3o <a href=\"https:\/\/novo.aeermesinde.net\/wp\/performance-mudarte-linhas-invisiveis\/\" class=\"read-more\">Read More &#8230;<\/a><\/p>\n","protected":false},"author":1,"featured_media":10106,"comment_status":"open","ping_status":"open","sticky":false,"template":"","format":"standard","meta":{"_jetpack_memberships_contains_paid_content":false,"footnotes":"","jetpack_publicize_message":"","jetpack_publicize_feature_enabled":true,"jetpack_social_post_already_shared":true,"jetpack_social_options":{"image_generator_settings":{"template":"highway","default_image_id":0,"font":"","enabled":false},"version":2}},"categories":[1],"tags":[],"class_list":["post-10103","post","type-post","status-publish","format-standard","has-post-thumbnail","hentry","category-uncategorized"],"jetpack_publicize_connections":[],"jetpack_featured_media_url":"https:\/\/novo.aeermesinde.net\/wp\/wp-content\/uploads\/2025\/12\/capa-30.jpg","jetpack_sharing_enabled":true,"jetpack_likes_enabled":true,"_links":{"self":[{"href":"https:\/\/novo.aeermesinde.net\/wp\/wp-json\/wp\/v2\/posts\/10103","targetHints":{"allow":["GET"]}}],"collection":[{"href":"https:\/\/novo.aeermesinde.net\/wp\/wp-json\/wp\/v2\/posts"}],"about":[{"href":"https:\/\/novo.aeermesinde.net\/wp\/wp-json\/wp\/v2\/types\/post"}],"author":[{"embeddable":true,"href":"https:\/\/novo.aeermesinde.net\/wp\/wp-json\/wp\/v2\/users\/1"}],"replies":[{"embeddable":true,"href":"https:\/\/novo.aeermesinde.net\/wp\/wp-json\/wp\/v2\/comments?post=10103"}],"version-history":[{"count":1,"href":"https:\/\/novo.aeermesinde.net\/wp\/wp-json\/wp\/v2\/posts\/10103\/revisions"}],"predecessor-version":[{"id":10107,"href":"https:\/\/novo.aeermesinde.net\/wp\/wp-json\/wp\/v2\/posts\/10103\/revisions\/10107"}],"wp:featuredmedia":[{"embeddable":true,"href":"https:\/\/novo.aeermesinde.net\/wp\/wp-json\/wp\/v2\/media\/10106"}],"wp:attachment":[{"href":"https:\/\/novo.aeermesinde.net\/wp\/wp-json\/wp\/v2\/media?parent=10103"}],"wp:term":[{"taxonomy":"category","embeddable":true,"href":"https:\/\/novo.aeermesinde.net\/wp\/wp-json\/wp\/v2\/categories?post=10103"},{"taxonomy":"post_tag","embeddable":true,"href":"https:\/\/novo.aeermesinde.net\/wp\/wp-json\/wp\/v2\/tags?post=10103"}],"curies":[{"name":"wp","href":"https:\/\/api.w.org\/{rel}","templated":true}]}}