{"id":10224,"date":"2026-01-06T10:38:53","date_gmt":"2026-01-06T10:38:53","guid":{"rendered":"https:\/\/novo.aeermesinde.net\/wp\/?p=10224"},"modified":"2026-01-06T10:38:56","modified_gmt":"2026-01-06T10:38:56","slug":"descarta-velhos-habitos","status":"publish","type":"post","link":"https:\/\/novo.aeermesinde.net\/wp\/descarta-velhos-habitos\/","title":{"rendered":"Descarta velhos h\u00e1bitos"},"content":{"rendered":"\n<p>As garrafas de pl\u00e1stico fazem parte do&nbsp;nosso&nbsp;dia a dia. Est\u00e3o nos bufetes, nas m\u00e1quinas de&nbsp;vendas&nbsp;e&nbsp;at\u00e9 nas nossas&nbsp;mochilas. No entanto, a partir do dia <strong>1 de janeiro de 2026<\/strong>, essa realidade mudou no&nbsp;nosso&nbsp;Agrupamento.&nbsp;<\/p>\n\n\n\n<p>No \u00e2mbito da forma\u00e7\u00e3o <strong>\u201cZERO WASTE\u201d<\/strong>, realizada em mobilidades Erasmus+ e&nbsp;claro,&nbsp;com o apoio do&nbsp;projeto <strong>Eco-Escolas<\/strong>, o agrupamento decidiu eliminar as <strong>garrafas de \u00e1gua de pl\u00e1stico descart\u00e1veis<\/strong>. &nbsp;<\/p>\n\n\n\n<p>O pl\u00e1stico descart\u00e1vel \u00e9 c\u00f3modo, mas o seu impacto ambiental \u00e9 tudo menos&nbsp;insignificante.&nbsp;Por isso, \u00e9 imperativo reduzir o seu consumo, esta medida pretende sensibilizar toda a comunidade educativa para a import\u00e2ncia de escolhas mais respons\u00e1veis&nbsp;e conscientes.&nbsp;<\/p>\n\n\n\n<p>Deixou de ser vendida \u00e1gua em garrafas de pl\u00e1stico nos bufetes e nas m\u00e1quinas de venda autom\u00e1tica.&nbsp;Em alternativa,&nbsp;instalaram-se <strong>adaptadores de \u00e1gua de utiliza\u00e7\u00e3o gratuita<\/strong>&nbsp;em diferentes espa\u00e7os. As EB1 da&nbsp;Bela, Gandra e Sampaio t\u00eam um adaptador cada. A DAFG conta com um adaptador no 1.\u00ba piso, mantendo-se os jarros de \u00e1gua no bufete do r\u00e9s-do-ch\u00e3o. J\u00e1&nbsp;a EBSE tem tr\u00eas adaptadores, localizados no Bloco A, no Bloco C e no Pavilh\u00e3o Gimnodesportivo, continuando tamb\u00e9m dispon\u00edveis os jarros de \u00e1gua no bufete.&nbsp;<\/p>\n\n\n\n<p>Mais do que uma altera\u00e7\u00e3o nas rotinas escolares, esta&nbsp;a\u00e7\u00e3o&nbsp;desafia-nos a mudar&nbsp;velhos&nbsp;h\u00e1bitos. Trazer uma garrafa reutiliz\u00e1vel pode parecer um gesto simples, mas quando repetido por centenas de alunos, deixa de ser um gesto individual para se tornar uma responsabilidade partilhada.&nbsp;<\/p>\n\n\n\n<p>No fim&nbsp;das contas, n\u00e3o se trata apenas de eliminar pl\u00e1stico. Trata-se de perceber que cada escolha conta, que cada h\u00e1bito pesa e que o futuro come\u00e7a a ser constru\u00eddo muito antes de o imaginarmos. &nbsp;<\/p>\n\n\n\n<p>Esta \u00e9 uma daquelas escolhas que dizem muito sobre quem queremos ser!&nbsp;<\/p>\n\n\n\n<p><strong><em>Matilde Correia 10\u00baE\u00a0 N\u00ba16 ESE 2025\/2026<\/em><\/strong><\/p>\n\n\n\n<figure class=\"wp-block-gallery has-nested-images columns-default is-cropped wp-block-gallery-1 is-layout-flex wp-block-gallery-is-layout-flex\">\n<figure class=\"wp-block-image size-large\"><img loading=\"lazy\" decoding=\"async\" width=\"432\" height=\"591\" data-id=\"10225\" src=\"https:\/\/novo.aeermesinde.net\/wp\/wp-content\/uploads\/2026\/01\/1.jpg\" alt=\"\" class=\"wp-image-10225\" srcset=\"https:\/\/novo.aeermesinde.net\/wp\/wp-content\/uploads\/2026\/01\/1.jpg 432w, https:\/\/novo.aeermesinde.net\/wp\/wp-content\/uploads\/2026\/01\/1-219x300.jpg 219w\" sizes=\"auto, (max-width: 432px) 100vw, 432px\" \/><\/figure>\n\n\n\n<figure class=\"wp-block-image size-large\"><img loading=\"lazy\" decoding=\"async\" width=\"278\" height=\"398\" data-id=\"10226\" src=\"https:\/\/novo.aeermesinde.net\/wp\/wp-content\/uploads\/2026\/01\/2.jpg\" alt=\"\" class=\"wp-image-10226\" srcset=\"https:\/\/novo.aeermesinde.net\/wp\/wp-content\/uploads\/2026\/01\/2.jpg 278w, https:\/\/novo.aeermesinde.net\/wp\/wp-content\/uploads\/2026\/01\/2-210x300.jpg 210w\" sizes=\"auto, (max-width: 278px) 100vw, 278px\" \/><\/figure>\n\n\n\n<figure class=\"wp-block-image size-large\"><img loading=\"lazy\" decoding=\"async\" width=\"370\" height=\"513\" data-id=\"10227\" src=\"https:\/\/novo.aeermesinde.net\/wp\/wp-content\/uploads\/2026\/01\/3.jpg\" alt=\"\" class=\"wp-image-10227\" srcset=\"https:\/\/novo.aeermesinde.net\/wp\/wp-content\/uploads\/2026\/01\/3.jpg 370w, https:\/\/novo.aeermesinde.net\/wp\/wp-content\/uploads\/2026\/01\/3-216x300.jpg 216w\" sizes=\"auto, (max-width: 370px) 100vw, 370px\" \/><\/figure>\n\n\n\n<figure class=\"wp-block-image size-large\"><img loading=\"lazy\" decoding=\"async\" width=\"349\" height=\"449\" data-id=\"10228\" src=\"https:\/\/novo.aeermesinde.net\/wp\/wp-content\/uploads\/2026\/01\/4.jpg\" alt=\"\" class=\"wp-image-10228\" srcset=\"https:\/\/novo.aeermesinde.net\/wp\/wp-content\/uploads\/2026\/01\/4.jpg 349w, https:\/\/novo.aeermesinde.net\/wp\/wp-content\/uploads\/2026\/01\/4-233x300.jpg 233w\" sizes=\"auto, (max-width: 349px) 100vw, 349px\" \/><\/figure>\n\n\n\n<figure class=\"wp-block-image size-large\"><img loading=\"lazy\" decoding=\"async\" width=\"255\" height=\"341\" data-id=\"10229\" src=\"https:\/\/novo.aeermesinde.net\/wp\/wp-content\/uploads\/2026\/01\/5.jpg\" alt=\"\" class=\"wp-image-10229\" srcset=\"https:\/\/novo.aeermesinde.net\/wp\/wp-content\/uploads\/2026\/01\/5.jpg 255w, https:\/\/novo.aeermesinde.net\/wp\/wp-content\/uploads\/2026\/01\/5-224x300.jpg 224w\" sizes=\"auto, (max-width: 255px) 100vw, 255px\" \/><\/figure>\n<\/figure>\n","protected":false},"excerpt":{"rendered":"<p>As garrafas de pl\u00e1stico fazem parte do&nbsp;nosso&nbsp;dia a dia. Est\u00e3o nos bufetes, nas m\u00e1quinas de&nbsp;vendas&nbsp;e&nbsp;at\u00e9 nas nossas&nbsp;mochilas. No entanto, a partir do dia 1 de janeiro de 2026, essa realidade mudou no&nbsp;nosso&nbsp;Agrupamento.&nbsp; No \u00e2mbito da forma\u00e7\u00e3o \u201cZERO WASTE\u201d, realizada em <a href=\"https:\/\/novo.aeermesinde.net\/wp\/descarta-velhos-habitos\/\" class=\"read-more\">Read More &#8230;<\/a><\/p>\n","protected":false},"author":1,"featured_media":10230,"comment_status":"open","ping_status":"open","sticky":false,"template":"","format":"standard","meta":{"_jetpack_memberships_contains_paid_content":false,"footnotes":"","jetpack_publicize_message":"","jetpack_publicize_feature_enabled":true,"jetpack_social_post_already_shared":true,"jetpack_social_options":{"image_generator_settings":{"template":"highway","default_image_id":0,"font":"","enabled":false},"version":2}},"categories":[1],"tags":[],"class_list":["post-10224","post","type-post","status-publish","format-standard","has-post-thumbnail","hentry","category-uncategorized"],"jetpack_publicize_connections":[],"jetpack_featured_media_url":"https:\/\/novo.aeermesinde.net\/wp\/wp-content\/uploads\/2026\/01\/capa-1.jpg","jetpack_sharing_enabled":true,"jetpack_likes_enabled":true,"_links":{"self":[{"href":"https:\/\/novo.aeermesinde.net\/wp\/wp-json\/wp\/v2\/posts\/10224","targetHints":{"allow":["GET"]}}],"collection":[{"href":"https:\/\/novo.aeermesinde.net\/wp\/wp-json\/wp\/v2\/posts"}],"about":[{"href":"https:\/\/novo.aeermesinde.net\/wp\/wp-json\/wp\/v2\/types\/post"}],"author":[{"embeddable":true,"href":"https:\/\/novo.aeermesinde.net\/wp\/wp-json\/wp\/v2\/users\/1"}],"replies":[{"embeddable":true,"href":"https:\/\/novo.aeermesinde.net\/wp\/wp-json\/wp\/v2\/comments?post=10224"}],"version-history":[{"count":1,"href":"https:\/\/novo.aeermesinde.net\/wp\/wp-json\/wp\/v2\/posts\/10224\/revisions"}],"predecessor-version":[{"id":10231,"href":"https:\/\/novo.aeermesinde.net\/wp\/wp-json\/wp\/v2\/posts\/10224\/revisions\/10231"}],"wp:featuredmedia":[{"embeddable":true,"href":"https:\/\/novo.aeermesinde.net\/wp\/wp-json\/wp\/v2\/media\/10230"}],"wp:attachment":[{"href":"https:\/\/novo.aeermesinde.net\/wp\/wp-json\/wp\/v2\/media?parent=10224"}],"wp:term":[{"taxonomy":"category","embeddable":true,"href":"https:\/\/novo.aeermesinde.net\/wp\/wp-json\/wp\/v2\/categories?post=10224"},{"taxonomy":"post_tag","embeddable":true,"href":"https:\/\/novo.aeermesinde.net\/wp\/wp-json\/wp\/v2\/tags?post=10224"}],"curies":[{"name":"wp","href":"https:\/\/api.w.org\/{rel}","templated":true}]}}