{"id":11584,"date":"2026-04-27T07:40:44","date_gmt":"2026-04-27T07:40:44","guid":{"rendered":"https:\/\/novo.aeermesinde.net\/wp\/?p=11584"},"modified":"2026-04-27T07:40:46","modified_gmt":"2026-04-27T07:40:46","slug":"erasmus-mobilidades-a-malta-e-finlandia","status":"publish","type":"post","link":"https:\/\/novo.aeermesinde.net\/wp\/erasmus-mobilidades-a-malta-e-finlandia\/","title":{"rendered":"Erasmus+ mobilidades a Malta e Finl\u00e2ndia"},"content":{"rendered":"\n<p>O Projeto \u201cIA e Integra\u00e7\u00e3o, atrav\u00e9s da Arte e da Sustentabilidade Ambiental\u201d continua a avan\u00e7ar. Doze alunos acompanhados por duas docentes chegaram no s\u00e1bado, dia 25 de abril, a Hels\u00ednquia para uma mobilidade em grupo na escola de Vantaa que recentemente nos visitou. Os alunos que participam nesta mobilidade s\u00e3o essencialmente do 12\u00ba ano, tendo sido selecionados no in\u00edcio deste ano letivo. \u00c9 uma oportunidade para conhecerem a escola dos colegas finlandeses que estiveram no nosso agrupamento na semana de 13 a 17 de abril e t\u00eam a miss\u00e3o de representar o Agrupamento de Escolas de Ermesinde, dando testemunho da nossa cultura e da nossa pr\u00e1tica letiva.<\/p>\n\n\n\n<p>Esta mobilidade est\u00e1 centrada na componente art\u00edstica e de desenvolvimento sustent\u00e1vel do nosso projeto.&nbsp; No programa de rece\u00e7\u00e3o est\u00e1 contemplada a participa\u00e7\u00e3o a diversas aulas e a visitas de car\u00e1cter cient\u00edfico e art\u00edstico.<\/p>\n\n\n\n<p>De regresso est\u00e1 a professora Liseta Ramos que esteve a fazer um curso em Malta designado \u201cAI for School Leadership, Transformative Strategies for a Digital Age\u201d Este curso pretende alargar o grupo de docentes que j\u00e1 fez forma\u00e7\u00e3o relativa \u00e0 Intelig\u00eancia Artificial no contexto das lideran\u00e7as escolares. Para a adapta\u00e7\u00e3o do Agrupamento de Escolas de Ermesinde ao crescente impacto da IA nas pr\u00e1ticas letivas e nos h\u00e1bitos de trabalho dos alunos, \u00e9 fundamental envolvimento da comunidade escolar na constru\u00e7\u00e3o de um plano estrat\u00e9gico e em pr\u00e1ticas de debate acerca da aplicabilidade deste tipo de ferramentas digitais.<\/p>\n","protected":false},"excerpt":{"rendered":"<p>O Projeto \u201cIA e Integra\u00e7\u00e3o, atrav\u00e9s da Arte e da Sustentabilidade Ambiental\u201d continua a avan\u00e7ar. Doze alunos acompanhados por duas docentes chegaram no s\u00e1bado, dia 25 de abril, a Hels\u00ednquia para uma mobilidade em grupo na escola de Vantaa que <a href=\"https:\/\/novo.aeermesinde.net\/wp\/erasmus-mobilidades-a-malta-e-finlandia\/\" class=\"read-more\">Read More &#8230;<\/a><\/p>\n","protected":false},"author":1,"featured_media":11585,"comment_status":"open","ping_status":"open","sticky":false,"template":"","format":"standard","meta":{"_jetpack_memberships_contains_paid_content":false,"footnotes":"","jetpack_publicize_message":"","jetpack_publicize_feature_enabled":true,"jetpack_social_post_already_shared":true,"jetpack_social_options":{"image_generator_settings":{"template":"highway","default_image_id":0,"font":"","enabled":false},"version":2}},"categories":[1],"tags":[],"class_list":["post-11584","post","type-post","status-publish","format-standard","has-post-thumbnail","hentry","category-uncategorized"],"jetpack_publicize_connections":[],"jetpack_featured_media_url":"https:\/\/novo.aeermesinde.net\/wp\/wp-content\/uploads\/2026\/04\/IMG-20260425-WA0007-scaled.jpg","jetpack_sharing_enabled":true,"jetpack_likes_enabled":true,"_links":{"self":[{"href":"https:\/\/novo.aeermesinde.net\/wp\/wp-json\/wp\/v2\/posts\/11584","targetHints":{"allow":["GET"]}}],"collection":[{"href":"https:\/\/novo.aeermesinde.net\/wp\/wp-json\/wp\/v2\/posts"}],"about":[{"href":"https:\/\/novo.aeermesinde.net\/wp\/wp-json\/wp\/v2\/types\/post"}],"author":[{"embeddable":true,"href":"https:\/\/novo.aeermesinde.net\/wp\/wp-json\/wp\/v2\/users\/1"}],"replies":[{"embeddable":true,"href":"https:\/\/novo.aeermesinde.net\/wp\/wp-json\/wp\/v2\/comments?post=11584"}],"version-history":[{"count":1,"href":"https:\/\/novo.aeermesinde.net\/wp\/wp-json\/wp\/v2\/posts\/11584\/revisions"}],"predecessor-version":[{"id":11586,"href":"https:\/\/novo.aeermesinde.net\/wp\/wp-json\/wp\/v2\/posts\/11584\/revisions\/11586"}],"wp:featuredmedia":[{"embeddable":true,"href":"https:\/\/novo.aeermesinde.net\/wp\/wp-json\/wp\/v2\/media\/11585"}],"wp:attachment":[{"href":"https:\/\/novo.aeermesinde.net\/wp\/wp-json\/wp\/v2\/media?parent=11584"}],"wp:term":[{"taxonomy":"category","embeddable":true,"href":"https:\/\/novo.aeermesinde.net\/wp\/wp-json\/wp\/v2\/categories?post=11584"},{"taxonomy":"post_tag","embeddable":true,"href":"https:\/\/novo.aeermesinde.net\/wp\/wp-json\/wp\/v2\/tags?post=11584"}],"curies":[{"name":"wp","href":"https:\/\/api.w.org\/{rel}","templated":true}]}}