{"id":1502,"date":"2023-01-07T09:54:08","date_gmt":"2023-01-07T09:54:08","guid":{"rendered":"https:\/\/novo.aeermesinde.net\/wp\/?p=1502"},"modified":"2023-01-07T09:54:09","modified_gmt":"2023-01-07T09:54:09","slug":"agenda-21-escola-eletrao","status":"publish","type":"post","link":"https:\/\/novo.aeermesinde.net\/wp\/agenda-21-escola-eletrao\/","title":{"rendered":"Agenda 21 &#8211; Escola Eletr\u00e3o"},"content":{"rendered":"\n<p class=\"has-medium-font-size\">Est\u00e3o espalhados pela Escola Escola Secund\u00e1ria de Ermesinde v\u00e1rios contentores para recolha de pilhas, baterias, l\u00e2mpadas e pequenos eletrodom\u00e9sticos. <\/p>\n\n\n\n<p class=\"has-medium-font-size\">Participa nesta iniciativa trazendo este tipo de res\u00edduos para a escola e colocando-os nos respetivos contentores.<\/p>\n\n\n\n<p class=\"has-medium-font-size\">Com a nossa ades\u00e3o vamos contribuir para aumentar a taxa de reciclagem destes res\u00edduos.  <\/p>\n\n\n\n<div data-wp-interactive=\"core\/file\" class=\"wp-block-file\"><object data-wp-bind--hidden=\"!state.hasPdfPreview\" hidden class=\"wp-block-file__embed\" data=\"https:\/\/novo.aeermesinde.net\/wp\/wp-content\/uploads\/2023\/01\/Agenda-21_-janeiro.pdf\" type=\"application\/pdf\" style=\"width:100%;height:600px\" aria-label=\"Incorpora\u00e7\u00e3o de Agenda 21_ janeiro.\"><\/object><a id=\"wp-block-file--media-888e2e59-ab83-4e9d-9fa5-eb1011ddb805\" href=\"https:\/\/novo.aeermesinde.net\/wp\/wp-content\/uploads\/2023\/01\/Agenda-21_-janeiro.pdf\">Agenda 21_ janeiro<\/a><a href=\"https:\/\/novo.aeermesinde.net\/wp\/wp-content\/uploads\/2023\/01\/Agenda-21_-janeiro.pdf\" class=\"wp-block-file__button wp-element-button\" download aria-describedby=\"wp-block-file--media-888e2e59-ab83-4e9d-9fa5-eb1011ddb805\">Descarregar<\/a><\/div>\n","protected":false},"excerpt":{"rendered":"<p>Est\u00e3o espalhados pela Escola Escola Secund\u00e1ria de Ermesinde v\u00e1rios contentores para recolha de pilhas, baterias, l\u00e2mpadas e pequenos eletrodom\u00e9sticos. Participa nesta iniciativa trazendo este tipo de res\u00edduos para a escola e colocando-os nos respetivos contentores. Com a nossa ades\u00e3o vamos <a href=\"https:\/\/novo.aeermesinde.net\/wp\/agenda-21-escola-eletrao\/\" class=\"read-more\">Read More &#8230;<\/a><\/p>\n","protected":false},"author":1,"featured_media":1500,"comment_status":"open","ping_status":"open","sticky":false,"template":"","format":"standard","meta":{"_jetpack_memberships_contains_paid_content":false,"footnotes":"","jetpack_publicize_message":"","jetpack_publicize_feature_enabled":true,"jetpack_social_post_already_shared":true,"jetpack_social_options":{"image_generator_settings":{"template":"highway","default_image_id":0,"font":"","enabled":false},"version":2}},"categories":[14],"tags":[],"class_list":["post-1502","post","type-post","status-publish","format-standard","has-post-thumbnail","hentry","category-projetos"],"jetpack_publicize_connections":[],"jetpack_featured_media_url":"https:\/\/novo.aeermesinde.net\/wp\/wp-content\/uploads\/2023\/01\/capa-agenda-21.png","jetpack_sharing_enabled":true,"jetpack_likes_enabled":true,"_links":{"self":[{"href":"https:\/\/novo.aeermesinde.net\/wp\/wp-json\/wp\/v2\/posts\/1502","targetHints":{"allow":["GET"]}}],"collection":[{"href":"https:\/\/novo.aeermesinde.net\/wp\/wp-json\/wp\/v2\/posts"}],"about":[{"href":"https:\/\/novo.aeermesinde.net\/wp\/wp-json\/wp\/v2\/types\/post"}],"author":[{"embeddable":true,"href":"https:\/\/novo.aeermesinde.net\/wp\/wp-json\/wp\/v2\/users\/1"}],"replies":[{"embeddable":true,"href":"https:\/\/novo.aeermesinde.net\/wp\/wp-json\/wp\/v2\/comments?post=1502"}],"version-history":[{"count":1,"href":"https:\/\/novo.aeermesinde.net\/wp\/wp-json\/wp\/v2\/posts\/1502\/revisions"}],"predecessor-version":[{"id":1503,"href":"https:\/\/novo.aeermesinde.net\/wp\/wp-json\/wp\/v2\/posts\/1502\/revisions\/1503"}],"wp:featuredmedia":[{"embeddable":true,"href":"https:\/\/novo.aeermesinde.net\/wp\/wp-json\/wp\/v2\/media\/1500"}],"wp:attachment":[{"href":"https:\/\/novo.aeermesinde.net\/wp\/wp-json\/wp\/v2\/media?parent=1502"}],"wp:term":[{"taxonomy":"category","embeddable":true,"href":"https:\/\/novo.aeermesinde.net\/wp\/wp-json\/wp\/v2\/categories?post=1502"},{"taxonomy":"post_tag","embeddable":true,"href":"https:\/\/novo.aeermesinde.net\/wp\/wp-json\/wp\/v2\/tags?post=1502"}],"curies":[{"name":"wp","href":"https:\/\/api.w.org\/{rel}","templated":true}]}}