{"id":1511,"date":"2023-01-10T10:19:08","date_gmt":"2023-01-10T10:19:08","guid":{"rendered":"https:\/\/novo.aeermesinde.net\/wp\/?p=1511"},"modified":"2023-01-10T10:22:40","modified_gmt":"2023-01-10T10:22:40","slug":"miudos-a-votos-quais-os-livros-mais-fixes","status":"publish","type":"post","link":"https:\/\/novo.aeermesinde.net\/wp\/miudos-a-votos-quais-os-livros-mais-fixes\/","title":{"rendered":"<strong>Mi\u00fados a Votos: quais os livros mais fixes?<\/strong>"},"content":{"rendered":"\n<p>\u00c9 uma iniciativa da Rede de Bibliotecas Escolares&nbsp;e da VIS\u00c3O J\u00fanior, que promove simultaneamente a leitura e a cidadania, na qual os alunos s\u00e3o chamados a&nbsp;elegerem os livros que mais gostaram de ler.<\/p>\n\n\n\n<p>No ano letivo anterior foi uma atividade muito participada, sendo uma das mais referidas pelos alunos nos inqu\u00e9ritos de avalia\u00e7\u00e3o de Cidadania e Desenvolvimento.<\/p>\n\n\n\n<p>A lista final&nbsp;nacional dos livros que ir\u00e3o estar em vota\u00e7\u00e3o este ano, por cada ciclo\/n\u00edvel de ensino j\u00e1 \u00e9 conhecida (ver documentos anexos).<\/p>\n\n\n\n<p>A partir de 1<strong>&nbsp;de fevereiro at\u00e9 3 de mar\u00e7o&nbsp;<\/strong>os alunos poder\u00e3o fazer&nbsp;<strong>campanha eleitoral<\/strong>&nbsp;por estes livros de diversas formas:&nbsp;&nbsp;<\/p>\n\n\n\n<ul class=\"wp-block-list\">\n<li><em>atrav\u00e9s de sess\u00f5es de esclarecimento com a turma, ou com v\u00e1rias turmas;&nbsp;<\/em><\/li>\n\n\n\n<li><em>realizando com\u00edcios em locais p\u00fablicos da escola;&nbsp;<\/em><\/li>\n\n\n\n<li><em>promovendo debates entre os apoiantes de v\u00e1rios livros;&nbsp;<\/em><\/li>\n\n\n\n<li><em>criando materiais de propaganda, como cartazes, autocolantes, pins ou folhetos;&nbsp;<\/em><\/li>\n\n\n\n<li><em>realizando v\u00eddeos;&nbsp;<\/em><\/li>\n\n\n\n<li><em>produzindo pe\u00e7as de teatro, m\u00fasicas, dan\u00e7as;&nbsp;<\/em><\/li>\n\n\n\n<li><em>utilizando as redes sociais e os meios digitais ao seu alcance.&nbsp;<\/em><\/li>\n\n\n\n<li><em>poder\u00e3o tamb\u00e9m criar tempos de antena de r\u00e1dio (podcast), que ser\u00e3o transmitidos pela R\u00e1dio Mi\u00fados e por outras esta\u00e7\u00f5es de r\u00e1dio.<\/em><\/li>\n<\/ul>\n\n\n\n<p>Os materiais produzidos dever\u00e3o ser enviados para o SBE:&nbsp;<a href=\"mailto:bibliotecas@aeermesinde.net\" target=\"_blank\" rel=\"noreferrer noopener\">bibliotecas@aeermesinde.net<\/a>, para serem publicados nas redes sociais e enviados para a R\u00e1dio Mi\u00fados.<a href=\"mailto:bibliotecas@aeermesinde.net\" target=\"_blank\" rel=\"noreferrer noopener\"><\/a><\/p>\n\n\n\n<p>No dia&nbsp;<strong>7 de mar\u00e7o<\/strong>&nbsp;ser\u00e3o as&nbsp;<strong>elei\u00e7\u00f5es.&nbsp;<\/strong>A vota\u00e7\u00e3o ser\u00e1 presencial e haver\u00e1 um<\/p>\n\n\n\n<p>urna de voto por cada ciclo\/ n\u00edvel de ensino,&nbsp;&nbsp;preferencialmente na biblioteca&nbsp;escolar ou noutro local de f\u00e1cil acesso. Ser\u00e3o&nbsp;constitu\u00eddos grupos de alunos que acompanhar\u00e3o&nbsp;a vota\u00e7\u00e3o, estando presentes nas mesas de voto,tal como acontece numas elei\u00e7\u00f5es pol\u00edticas.&nbsp;Ser\u00e1 assegurada a&nbsp;rotatividade destes elementos ao longo do dia, para&nbsp;n\u00e3o prejudicar a frequ\u00eancia das aulas dos alunos&nbsp;participantes.<\/p>\n\n\n\n<p>Solicitamos a vossa colabora\u00e7\u00e3o no sentido de promoverem a participa\u00e7\u00e3o dos alunos nesta iniciativa, no \u00e2mbito ou em articula\u00e7\u00e3o com a disciplina\/\u00e1rea de Cidadania e Desenvolvimento.<\/p>\n\n\n\n<p>Esta atividade promove a leitura e tamb\u00e9m a cidadania ativa, uma vez que \u00e9 dada a possibilidade aos alunos, atrav\u00e9s de uma elei\u00e7\u00e3o realizada em todas as escolas, de votarem no livro de que mais gostam, replicando os procedimentos e as normas de uma elei\u00e7\u00e3o real.<\/p>\n\n\n\n<p>Em nome das duas equipas envolvidas no projeto, agrade\u00e7o a vossa colabora\u00e7\u00e3o.&nbsp;<\/p>\n\n\n\n<p>A Equipa do Servi\u00e7o de Bibliotecas Escolares<\/p>\n\n\n\n<p>A Equipa de Coordena\u00e7\u00e3o de Educa\u00e7\u00e3o para a Cidadania<\/p>\n\n\n\n<p><strong>Lista final\u00a0nacional dos livros que ir\u00e3o estar em vota\u00e7\u00e3o este ano:<\/strong><\/p>\n\n\n\n<ul class=\"wp-block-list\">\n<li><strong><a href=\"https:\/\/novo.aeermesinde.net\/wp\/wp-content\/uploads\/2023\/01\/1CEB_livros_nomeados.pdf\" data-type=\"URL\" data-id=\"https:\/\/novo.aeermesinde.net\/wp\/wp-content\/uploads\/2023\/01\/1CEB_livros_nomeados.pdf\" target=\"_blank\" rel=\"noreferrer noopener\">1\u00ba Ciclo<\/a><\/strong><\/li>\n\n\n\n<li><strong><a href=\"https:\/\/novo.aeermesinde.net\/wp\/wp-content\/uploads\/2023\/01\/221214_2-ciclo_livrosavotos.pdf\" data-type=\"URL\" data-id=\"https:\/\/novo.aeermesinde.net\/wp\/wp-content\/uploads\/2023\/01\/221214_2-ciclo_livrosavotos.pdf\">2\u00ba Ciclo<\/a><\/strong><\/li>\n\n\n\n<li><strong><a href=\"https:\/\/novo.aeermesinde.net\/wp\/wp-content\/uploads\/2023\/01\/221214_3-ciclo_livrosa-votos.pdf\" data-type=\"URL\" data-id=\"https:\/\/novo.aeermesinde.net\/wp\/wp-content\/uploads\/2023\/01\/221214_3-ciclo_livrosa-votos.pdf\">3\u00ba Ciclo<\/a><\/strong><\/li>\n\n\n\n<li><strong><a href=\"https:\/\/novo.aeermesinde.net\/wp\/wp-content\/uploads\/2023\/01\/4SEC_livros_nomeados.pdf\" data-type=\"URL\" data-id=\"https:\/\/novo.aeermesinde.net\/wp\/wp-content\/uploads\/2023\/01\/4SEC_livros_nomeados.pdf\">Secund\u00e1rio<\/a><\/strong><\/li>\n<\/ul>\n\n\n\n<p><\/p>\n","protected":false},"excerpt":{"rendered":"<p>\u00c9 uma iniciativa da Rede de Bibliotecas Escolares&nbsp;e da VIS\u00c3O J\u00fanior, que promove simultaneamente a leitura e a cidadania, na qual os alunos s\u00e3o chamados a&nbsp;elegerem os livros que mais gostaram de ler. No ano letivo anterior foi uma atividade <a href=\"https:\/\/novo.aeermesinde.net\/wp\/miudos-a-votos-quais-os-livros-mais-fixes\/\" class=\"read-more\">Read More &#8230;<\/a><\/p>\n","protected":false},"author":1,"featured_media":1510,"comment_status":"open","ping_status":"open","sticky":false,"template":"","format":"standard","meta":{"_jetpack_memberships_contains_paid_content":false,"footnotes":"","jetpack_publicize_message":"","jetpack_publicize_feature_enabled":true,"jetpack_social_post_already_shared":true,"jetpack_social_options":{"image_generator_settings":{"template":"highway","default_image_id":0,"font":"","enabled":false},"version":2}},"categories":[14],"tags":[],"class_list":["post-1511","post","type-post","status-publish","format-standard","has-post-thumbnail","hentry","category-projetos"],"jetpack_publicize_connections":[],"jetpack_featured_media_url":"https:\/\/novo.aeermesinde.net\/wp\/wp-content\/uploads\/2023\/01\/livros-a-votos.png","jetpack_sharing_enabled":true,"jetpack_likes_enabled":true,"_links":{"self":[{"href":"https:\/\/novo.aeermesinde.net\/wp\/wp-json\/wp\/v2\/posts\/1511","targetHints":{"allow":["GET"]}}],"collection":[{"href":"https:\/\/novo.aeermesinde.net\/wp\/wp-json\/wp\/v2\/posts"}],"about":[{"href":"https:\/\/novo.aeermesinde.net\/wp\/wp-json\/wp\/v2\/types\/post"}],"author":[{"embeddable":true,"href":"https:\/\/novo.aeermesinde.net\/wp\/wp-json\/wp\/v2\/users\/1"}],"replies":[{"embeddable":true,"href":"https:\/\/novo.aeermesinde.net\/wp\/wp-json\/wp\/v2\/comments?post=1511"}],"version-history":[{"count":2,"href":"https:\/\/novo.aeermesinde.net\/wp\/wp-json\/wp\/v2\/posts\/1511\/revisions"}],"predecessor-version":[{"id":1514,"href":"https:\/\/novo.aeermesinde.net\/wp\/wp-json\/wp\/v2\/posts\/1511\/revisions\/1514"}],"wp:featuredmedia":[{"embeddable":true,"href":"https:\/\/novo.aeermesinde.net\/wp\/wp-json\/wp\/v2\/media\/1510"}],"wp:attachment":[{"href":"https:\/\/novo.aeermesinde.net\/wp\/wp-json\/wp\/v2\/media?parent=1511"}],"wp:term":[{"taxonomy":"category","embeddable":true,"href":"https:\/\/novo.aeermesinde.net\/wp\/wp-json\/wp\/v2\/categories?post=1511"},{"taxonomy":"post_tag","embeddable":true,"href":"https:\/\/novo.aeermesinde.net\/wp\/wp-json\/wp\/v2\/tags?post=1511"}],"curies":[{"name":"wp","href":"https:\/\/api.w.org\/{rel}","templated":true}]}}