{"id":1552,"date":"2023-01-25T10:33:20","date_gmt":"2023-01-25T10:33:20","guid":{"rendered":"https:\/\/novo.aeermesinde.net\/wp\/?p=1552"},"modified":"2023-01-25T10:33:21","modified_gmt":"2023-01-25T10:33:21","slug":"dia-internacional-em-memoria-das-vitimas-do-holocausto","status":"publish","type":"post","link":"https:\/\/novo.aeermesinde.net\/wp\/dia-internacional-em-memoria-das-vitimas-do-holocausto\/","title":{"rendered":"Dia Internacional em Mem\u00f3ria das V\u00edtimas do Holocausto"},"content":{"rendered":"\n<p>Com o prop\u00f3sito de assinalar o Dia Internacional em Mem\u00f3ria das V\u00edtimas do Holocausto, a 27 de janeiro, data foi estabelecida pela ONU, em 2005, para relembrar o Holocausto e o anivers\u00e1rio da liberta\u00e7\u00e3o do campo de concentra\u00e7\u00e3o de Auschwitz-Birkenau, a docente Madalena Fraga preparou uma exposi\u00e7\u00e3o com uma composi\u00e7\u00e3o de fotos no \u00e1trio de entrada da Escola D. Ant\u00f3nio Ferreira Gomes.<\/p>\n\n\n\n<figure class=\"wp-block-image size-full\"><img loading=\"lazy\" decoding=\"async\" width=\"800\" height=\"540\" src=\"https:\/\/novo.aeermesinde.net\/wp\/wp-content\/uploads\/2023\/01\/324423054_1393643784794667_6059481599832564901_n.jpg\" alt=\"\" class=\"wp-image-1551\" srcset=\"https:\/\/novo.aeermesinde.net\/wp\/wp-content\/uploads\/2023\/01\/324423054_1393643784794667_6059481599832564901_n.jpg 800w, https:\/\/novo.aeermesinde.net\/wp\/wp-content\/uploads\/2023\/01\/324423054_1393643784794667_6059481599832564901_n-300x203.jpg 300w, https:\/\/novo.aeermesinde.net\/wp\/wp-content\/uploads\/2023\/01\/324423054_1393643784794667_6059481599832564901_n-768x518.jpg 768w\" sizes=\"auto, (max-width: 800px) 100vw, 800px\" \/><\/figure>\n","protected":false},"excerpt":{"rendered":"<p>Com o prop\u00f3sito de assinalar o Dia Internacional em Mem\u00f3ria das V\u00edtimas do Holocausto, a 27 de janeiro, data foi estabelecida pela ONU, em 2005, para relembrar o Holocausto e o anivers\u00e1rio da liberta\u00e7\u00e3o do campo de concentra\u00e7\u00e3o de Auschwitz-Birkenau, <a href=\"https:\/\/novo.aeermesinde.net\/wp\/dia-internacional-em-memoria-das-vitimas-do-holocausto\/\" class=\"read-more\">Read More &#8230;<\/a><\/p>\n","protected":false},"author":1,"featured_media":1551,"comment_status":"open","ping_status":"open","sticky":false,"template":"","format":"standard","meta":{"_jetpack_memberships_contains_paid_content":false,"footnotes":"","jetpack_publicize_message":"","jetpack_publicize_feature_enabled":true,"jetpack_social_post_already_shared":true,"jetpack_social_options":{"image_generator_settings":{"template":"highway","default_image_id":0,"font":"","enabled":false},"version":2}},"categories":[12],"tags":[],"class_list":["post-1552","post","type-post","status-publish","format-standard","has-post-thumbnail","hentry","category-atividades"],"jetpack_publicize_connections":[],"jetpack_featured_media_url":"https:\/\/novo.aeermesinde.net\/wp\/wp-content\/uploads\/2023\/01\/324423054_1393643784794667_6059481599832564901_n.jpg","jetpack_sharing_enabled":true,"jetpack_likes_enabled":true,"_links":{"self":[{"href":"https:\/\/novo.aeermesinde.net\/wp\/wp-json\/wp\/v2\/posts\/1552","targetHints":{"allow":["GET"]}}],"collection":[{"href":"https:\/\/novo.aeermesinde.net\/wp\/wp-json\/wp\/v2\/posts"}],"about":[{"href":"https:\/\/novo.aeermesinde.net\/wp\/wp-json\/wp\/v2\/types\/post"}],"author":[{"embeddable":true,"href":"https:\/\/novo.aeermesinde.net\/wp\/wp-json\/wp\/v2\/users\/1"}],"replies":[{"embeddable":true,"href":"https:\/\/novo.aeermesinde.net\/wp\/wp-json\/wp\/v2\/comments?post=1552"}],"version-history":[{"count":1,"href":"https:\/\/novo.aeermesinde.net\/wp\/wp-json\/wp\/v2\/posts\/1552\/revisions"}],"predecessor-version":[{"id":1553,"href":"https:\/\/novo.aeermesinde.net\/wp\/wp-json\/wp\/v2\/posts\/1552\/revisions\/1553"}],"wp:featuredmedia":[{"embeddable":true,"href":"https:\/\/novo.aeermesinde.net\/wp\/wp-json\/wp\/v2\/media\/1551"}],"wp:attachment":[{"href":"https:\/\/novo.aeermesinde.net\/wp\/wp-json\/wp\/v2\/media?parent=1552"}],"wp:term":[{"taxonomy":"category","embeddable":true,"href":"https:\/\/novo.aeermesinde.net\/wp\/wp-json\/wp\/v2\/categories?post=1552"},{"taxonomy":"post_tag","embeddable":true,"href":"https:\/\/novo.aeermesinde.net\/wp\/wp-json\/wp\/v2\/tags?post=1552"}],"curies":[{"name":"wp","href":"https:\/\/api.w.org\/{rel}","templated":true}]}}