{"id":2839,"date":"2023-06-27T10:50:52","date_gmt":"2023-06-27T10:50:52","guid":{"rendered":"https:\/\/novo.aeermesinde.net\/wp\/?p=2839"},"modified":"2023-06-27T10:50:53","modified_gmt":"2023-06-27T10:50:53","slug":"concurso-nacional-eco-codigo-escola-basica-d-antonio-ferreira-gomes","status":"publish","type":"post","link":"https:\/\/novo.aeermesinde.net\/wp\/concurso-nacional-eco-codigo-escola-basica-d-antonio-ferreira-gomes\/","title":{"rendered":"Concurso Nacional Eco-C\u00f3digo &#8211; Escola B\u00e1sica D. Ant\u00f3nio Ferreira Gomes"},"content":{"rendered":"\n<p>A Escola B\u00e1sica D. Ant\u00f3nio Ferreira Gomes participa no Concurso Nacional Eco-C\u00f3digo 2022\/2023, no \u00e2mbito do programa Eco-Escolas. Os alunos realizaram o p\u00f3ster Eco-C\u00f3digo nas aulas de OSA (Oficina, Sa\u00fade e Ambiente).<\/p>\n\n\n\n<p>O Eco-C\u00f3digo expressa uma declara\u00e7\u00e3o de objetivos, traduzidos por a\u00e7\u00f5es concretas, que todos os membros da comunidade dever\u00e3o seguir, constituindo assim o c\u00f3digo de conduta ambiental da escola.<\/p>\n\n\n\n<p>O J\u00fari do concurso, formado por elementos da Comiss\u00e3o Nacional do Programa Eco-Escolas, reunir\u00e1 durante o m\u00eas de julho de 2023 e anunciar\u00e1 os premiados no final do m\u00eas.<\/p>\n\n\n\n<p>Tal como em anos anteriores, vai decorrer tamb\u00e9m uma vota\u00e7\u00e3o da comunidade virtual, atrav\u00e9s da p\u00e1gina de\u00a0<a rel=\"noreferrer noopener\" href=\"https:\/\/www.facebook.com\/ecoescolas\" target=\"_blank\">Facebook do Programa Eco-Escolas<\/a>. Ser\u00e3o premiados os trabalhos com\u00a0maior n\u00famero de gostos no Facebook Eco-Escolas, de 30 de junho a 14 de julho de 2023.\u00a0Por isso, estejam atentos e votem na nossa escola.<\/p>\n\n\n\n<figure class=\"wp-block-image size-full\"><img loading=\"lazy\" decoding=\"async\" width=\"600\" height=\"849\" src=\"https:\/\/novo.aeermesinde.net\/wp\/wp-content\/uploads\/2023\/06\/EcoCodigo.jpeg\" alt=\"\" class=\"wp-image-2838\" srcset=\"https:\/\/novo.aeermesinde.net\/wp\/wp-content\/uploads\/2023\/06\/EcoCodigo.jpeg 600w, https:\/\/novo.aeermesinde.net\/wp\/wp-content\/uploads\/2023\/06\/EcoCodigo-212x300.jpeg 212w\" sizes=\"auto, (max-width: 600px) 100vw, 600px\" \/><\/figure>\n","protected":false},"excerpt":{"rendered":"<p>A Escola B\u00e1sica D. Ant\u00f3nio Ferreira Gomes participa no Concurso Nacional Eco-C\u00f3digo 2022\/2023, no \u00e2mbito do programa Eco-Escolas. Os alunos realizaram o p\u00f3ster Eco-C\u00f3digo nas aulas de OSA (Oficina, Sa\u00fade e Ambiente). O Eco-C\u00f3digo expressa uma declara\u00e7\u00e3o de objetivos, traduzidos <a href=\"https:\/\/novo.aeermesinde.net\/wp\/concurso-nacional-eco-codigo-escola-basica-d-antonio-ferreira-gomes\/\" class=\"read-more\">Read More &#8230;<\/a><\/p>\n","protected":false},"author":1,"featured_media":2838,"comment_status":"open","ping_status":"open","sticky":false,"template":"","format":"standard","meta":{"_jetpack_memberships_contains_paid_content":false,"footnotes":"","jetpack_publicize_message":"","jetpack_publicize_feature_enabled":true,"jetpack_social_post_already_shared":true,"jetpack_social_options":{"image_generator_settings":{"template":"highway","default_image_id":0,"font":"","enabled":false},"version":2}},"categories":[12],"tags":[],"class_list":["post-2839","post","type-post","status-publish","format-standard","has-post-thumbnail","hentry","category-atividades"],"jetpack_publicize_connections":[],"jetpack_featured_media_url":"https:\/\/novo.aeermesinde.net\/wp\/wp-content\/uploads\/2023\/06\/EcoCodigo.jpeg","jetpack_sharing_enabled":true,"jetpack_likes_enabled":true,"_links":{"self":[{"href":"https:\/\/novo.aeermesinde.net\/wp\/wp-json\/wp\/v2\/posts\/2839","targetHints":{"allow":["GET"]}}],"collection":[{"href":"https:\/\/novo.aeermesinde.net\/wp\/wp-json\/wp\/v2\/posts"}],"about":[{"href":"https:\/\/novo.aeermesinde.net\/wp\/wp-json\/wp\/v2\/types\/post"}],"author":[{"embeddable":true,"href":"https:\/\/novo.aeermesinde.net\/wp\/wp-json\/wp\/v2\/users\/1"}],"replies":[{"embeddable":true,"href":"https:\/\/novo.aeermesinde.net\/wp\/wp-json\/wp\/v2\/comments?post=2839"}],"version-history":[{"count":1,"href":"https:\/\/novo.aeermesinde.net\/wp\/wp-json\/wp\/v2\/posts\/2839\/revisions"}],"predecessor-version":[{"id":2840,"href":"https:\/\/novo.aeermesinde.net\/wp\/wp-json\/wp\/v2\/posts\/2839\/revisions\/2840"}],"wp:featuredmedia":[{"embeddable":true,"href":"https:\/\/novo.aeermesinde.net\/wp\/wp-json\/wp\/v2\/media\/2838"}],"wp:attachment":[{"href":"https:\/\/novo.aeermesinde.net\/wp\/wp-json\/wp\/v2\/media?parent=2839"}],"wp:term":[{"taxonomy":"category","embeddable":true,"href":"https:\/\/novo.aeermesinde.net\/wp\/wp-json\/wp\/v2\/categories?post=2839"},{"taxonomy":"post_tag","embeddable":true,"href":"https:\/\/novo.aeermesinde.net\/wp\/wp-json\/wp\/v2\/tags?post=2839"}],"curies":[{"name":"wp","href":"https:\/\/api.w.org\/{rel}","templated":true}]}}