{"id":3866,"date":"2023-12-19T10:26:07","date_gmt":"2023-12-19T10:26:07","guid":{"rendered":"https:\/\/novo.aeermesinde.net\/wp\/?p=3866"},"modified":"2023-12-19T10:26:08","modified_gmt":"2023-12-19T10:26:08","slug":"projeto-escolar-dh-ai-e-eadh-dr-a-ilda-figueiredo-presidente-do-cppc-conselho-portugues-para-a-paz-e-cooperacao","status":"publish","type":"post","link":"https:\/\/novo.aeermesinde.net\/wp\/projeto-escolar-dh-ai-e-eadh-dr-a-ilda-figueiredo-presidente-do-cppc-conselho-portugues-para-a-paz-e-cooperacao\/","title":{"rendered":"Projeto Escolar DH\/AI e EADH &#8211; Dr.\u00aa Ilda Figueiredo, Presidente do CPPC (Conselho Portugu\u00eas para a Paz e Coopera\u00e7\u00e3o)"},"content":{"rendered":"\n<p>No dia 12 de dezembro, a convite do Projeto Escolar DH\/AI e EADH, a <strong>Dr.\u00aa Ilda Figueiredo, Presidente do CPPC<\/strong> (Conselho Portugu\u00eas para a Paz e Coopera\u00e7\u00e3o) dinamizou, no audit\u00f3rio da ESE, a sess\u00e3o \u201cFalar de Paz em tempo de Guerra\u201d para alunos do Ensino Secund\u00e1rio (10.\u00ba G, 11.\u00ba A, 11.\u00ba H, 12.\u00ba D). No dia 10 dezembro de 2023, a <strong>Declara\u00e7\u00e3o Universal dos Direitos Humanos<\/strong> comemorou 75 anos<\/p>\n\n\n\n<p><img loading=\"lazy\" decoding=\"async\" width=\"179\" height=\"34\" src=\"\" alt=\"Caixa de texto: Cartaz, elaborado pelo 11.\u00ba L\"><a href=\"https:\/\/www.youtube.com\/watch?v=VvnAaV8NfuA&amp;t=2s\">https:\/\/www.youtube.com\/watch?v=VvnAaV8NfuA&amp;t=2s<\/a> . Documentomarcante, na hist\u00f3ria dos direitos humanos, tendo subjacente os princ\u00edpios da Carta&nbsp;das Na\u00e7\u00f5es Unidas, (respeito dos direitos e liberdades fundamentais do indiv\u00edduo, a manuten\u00e7\u00e3o da paz e seguran\u00e7a internacional, a promo\u00e7\u00e3o do desenvolvimento social, com melhorias nas condi\u00e7\u00f5es de vida dos indiv\u00edduos), elaborado por representantes de v\u00e1rias regi\u00f5es do mundo, estabeleceu, pela primeira vez, quais s\u00e3o os direitos humanos que devem ser universalmente protegidos. Estes, consignados em 30 direitos, para serem protegidos t\u00eam que ser conhecidos, divulgados.&nbsp; Neste contexto, referiram-se alguns dos trabalhos realizados por alunos de diferentes ciclos e n\u00edveis de ensino. Destacou-se, no \u00e2mbito da comemora\u00e7\u00e3o dos 75 anos da DUDH, a faixa-resumo dos 30 art.\u00ba &nbsp;&nbsp;da DUDH, colocada na fachada da ESE e respetivas ilustra\u00e7\u00f5es, patentes no audit\u00f3rio da ESE, quer em formato de instala\u00e7\u00e3o art\u00edstica \u201cmobile\u201d quer formato de livro Pop UP, por&nbsp;&nbsp; alunos do 11.\u00ba DCG, do Curso Profissional de Design Gr\u00e1fico, sob orienta\u00e7\u00e3o das docentes Gl\u00f3ria Neiva e Sandra Penides.<\/p>\n\n\n\n<p>Com o mote \u201cFalar de Paz em tempo de Guerra\u201d, demos in\u00edcio \u00e0 palestra com um apontamento musical <em>\u201cHeal<\/em><em> the world<\/em>\u201d executado em flauta por alunos do 6.\u00ba D, sob orienta\u00e7\u00e3o da prof. Dalila Sousa, dando-se de seguida, a palavra \u00e0 Dr.\u00aa Ilda Figueiredo. Com um vasto curr\u00edculo, economista, professora e pol\u00edtica portuguesa \u2013 deputada na Assembleia da Rep\u00fablica e no Parlamento Europeu \u00e9, hoje, Presidente da Dire\u00e7\u00e3o do<strong> Conselho Portugu\u00eas para a Paz e Coopera\u00e7\u00e3o<\/strong>. Exemplificou as dificuldades que no seu percurso de vida encontrou pela falta de liberdade, fazendo refer\u00eancia ao III Encontro pela Paz <em>\u201cNos 50 anos de Abril, pela Paz todos n\u00e3o somos demais\u201d,<\/em> contextualizou a cria\u00e7\u00e3o do <strong>CPPC, <\/strong>mencionado osobjetivos da organiza\u00e7\u00e3o: &nbsp;contribuir, atrav\u00e9s da mobiliza\u00e7\u00e3o\/sensibiliza\u00e7\u00e3o da opini\u00e3o p\u00fablica, para a defesa da Paz, da seguran\u00e7a e da coopera\u00e7\u00e3o internacionais, e para a amizade e solidariedade entre os povos. Em di\u00e1logo com os alunos, referiu a import\u00e2ncia de conhecermos o art.\u00ba 7 e o art.\u00ba 13, da Constitui\u00e7\u00e3o da Rep\u00fablica Portuguesa, que evidenciam e defendem os princ\u00edpios subjacentes \u00e0 DUDH. &nbsp;Fez-se ainda refer\u00eancia \u00e0s viola\u00e7\u00f5es dos direitos humanos em diferentes partes do mundo (Israel\/Palestina; R\u00fassia\/Ucr\u00e2nia; Marrocos \/Saara Ocidental, etc., &#8230;)&nbsp;&nbsp; e \u00e0 constante desumanidade e desrespeito pela Carta das Na\u00e7\u00f5es Unidas. Ao longo da sess\u00e3o e quando oportuno, intermediou-se as explica\u00e7\u00f5es da Dr.\u00aa Ilda, com a participa\u00e7\u00e3o dos alunos &#8211; leitura do poema \u201cO menino de sua m\u00e3e\u201d, de Fernando Pessoa e \u201cAmigo\u201d, de Alexandre O\u2019Neill, pelo Rui Oliveira e Tiago Marta, do 11.\u00ba A. Estes, intercalados com a apresenta\u00e7\u00e3o de dois v\u00eddeos \u201cEducar para a Paz\u201d e \u201cDireitos Humanos &#8211; linguagem gestual e nacionalidade\u201d elaborados pelos alunos do pr\u00e9-escolar BT4 e B4B, orientados pelas docentes Constan\u00e7a Peixoto e Joana Monteiro em parceria com os servi\u00e7os da biblioteca escolar e, do 1.\u00ba Ciclo da G4A e G4B, orientados pelas docentes Maria In\u00eas Soares, F\u00e1tima Alves, Carla Brito e Ana Isabel Ribeiro. &nbsp;<\/p>\n\n\n\n<p>A Dr.\u00aa Ilda Figueiredo agradeceu aos alunos e docentes, dos v\u00e1rios ciclos de ensino, o envolvimento em prol dos Direitos Humanos e da Educa\u00e7\u00e3o para uma Cultura de Paz. No final, e ao som da m\u00fasica \u201cImagine\u201d, de John Lennon, foi distribu\u00eddo o jornal \u201cNot\u00edcias da paz\u201d com vista a <strong>sensibilizar<\/strong> e <strong><em>Mobilizar para a Paz<\/em><\/strong>.&nbsp;&nbsp;<\/p>\n\n\n\n<p>No \u00e2mbito do Projeto Escolar Direitos Humanos\/Amnistia Internacional agradeceu-se a colabora\u00e7\u00e3o dos docentes e dos alunos, pois, sem eles o objetivo n\u00e3o era conseguido e, muito, especialmente, \u00e0 Dr.\u00aa Ilda Figueiredo, pela partilha dos seus conhecimentos e motiva\u00e7\u00e3o para uma cidadania mais ativa e participativa, atenta, empenhada em prol da defesa dos Direitos Humanos.<\/p>\n\n\n\n<figure class=\"wp-block-gallery has-nested-images columns-default is-cropped wp-block-gallery-1 is-layout-flex wp-block-gallery-is-layout-flex\">\n<figure class=\"wp-block-image size-large\"><img loading=\"lazy\" decoding=\"async\" width=\"461\" height=\"346\" data-id=\"3859\" src=\"https:\/\/novo.aeermesinde.net\/wp\/wp-content\/uploads\/2023\/12\/1.jpg\" alt=\"\" class=\"wp-image-3859\" srcset=\"https:\/\/novo.aeermesinde.net\/wp\/wp-content\/uploads\/2023\/12\/1.jpg 461w, https:\/\/novo.aeermesinde.net\/wp\/wp-content\/uploads\/2023\/12\/1-300x225.jpg 300w\" sizes=\"auto, (max-width: 461px) 100vw, 461px\" \/><\/figure>\n\n\n\n<figure class=\"wp-block-image size-large\"><img loading=\"lazy\" decoding=\"async\" width=\"618\" height=\"272\" data-id=\"3860\" src=\"https:\/\/novo.aeermesinde.net\/wp\/wp-content\/uploads\/2023\/12\/7.png\" alt=\"\" class=\"wp-image-3860\" srcset=\"https:\/\/novo.aeermesinde.net\/wp\/wp-content\/uploads\/2023\/12\/7.png 618w, https:\/\/novo.aeermesinde.net\/wp\/wp-content\/uploads\/2023\/12\/7-300x132.png 300w\" sizes=\"auto, (max-width: 618px) 100vw, 618px\" \/><\/figure>\n\n\n\n<figure class=\"wp-block-image size-large\"><img loading=\"lazy\" decoding=\"async\" width=\"415\" height=\"308\" data-id=\"3863\" src=\"https:\/\/novo.aeermesinde.net\/wp\/wp-content\/uploads\/2023\/12\/4.jpg\" alt=\"\" class=\"wp-image-3863\" srcset=\"https:\/\/novo.aeermesinde.net\/wp\/wp-content\/uploads\/2023\/12\/4.jpg 415w, https:\/\/novo.aeermesinde.net\/wp\/wp-content\/uploads\/2023\/12\/4-300x223.jpg 300w\" sizes=\"auto, (max-width: 415px) 100vw, 415px\" \/><\/figure>\n\n\n\n<figure class=\"wp-block-image size-large\"><img loading=\"lazy\" decoding=\"async\" width=\"1024\" height=\"768\" data-id=\"3864\" src=\"https:\/\/novo.aeermesinde.net\/wp\/wp-content\/uploads\/2023\/12\/3.jpg\" alt=\"\" class=\"wp-image-3864\" srcset=\"https:\/\/novo.aeermesinde.net\/wp\/wp-content\/uploads\/2023\/12\/3.jpg 1024w, https:\/\/novo.aeermesinde.net\/wp\/wp-content\/uploads\/2023\/12\/3-300x225.jpg 300w, https:\/\/novo.aeermesinde.net\/wp\/wp-content\/uploads\/2023\/12\/3-768x576.jpg 768w\" sizes=\"auto, (max-width: 1024px) 100vw, 1024px\" \/><\/figure>\n\n\n\n<figure class=\"wp-block-image size-large\"><img loading=\"lazy\" decoding=\"async\" width=\"238\" height=\"298\" data-id=\"3865\" src=\"https:\/\/novo.aeermesinde.net\/wp\/wp-content\/uploads\/2023\/12\/2.jpg\" alt=\"\" class=\"wp-image-3865\"\/><\/figure>\n<\/figure>\n","protected":false},"excerpt":{"rendered":"<p>No dia 12 de dezembro, a convite do Projeto Escolar DH\/AI e EADH, a Dr.\u00aa Ilda Figueiredo, Presidente do CPPC (Conselho Portugu\u00eas para a Paz e Coopera\u00e7\u00e3o) dinamizou, no audit\u00f3rio da ESE, a sess\u00e3o \u201cFalar de Paz em tempo de <a href=\"https:\/\/novo.aeermesinde.net\/wp\/projeto-escolar-dh-ai-e-eadh-dr-a-ilda-figueiredo-presidente-do-cppc-conselho-portugues-para-a-paz-e-cooperacao\/\" class=\"read-more\">Read More &#8230;<\/a><\/p>\n","protected":false},"author":1,"featured_media":3597,"comment_status":"open","ping_status":"open","sticky":false,"template":"","format":"standard","meta":{"_jetpack_memberships_contains_paid_content":false,"footnotes":"","jetpack_publicize_message":"","jetpack_publicize_feature_enabled":true,"jetpack_social_post_already_shared":true,"jetpack_social_options":{"image_generator_settings":{"template":"highway","default_image_id":0,"font":"","enabled":false},"version":2}},"categories":[21],"tags":[],"class_list":["post-3866","post","type-post","status-publish","format-standard","has-post-thumbnail","hentry","category-amnistia"],"jetpack_publicize_connections":[],"jetpack_featured_media_url":"https:\/\/novo.aeermesinde.net\/wp\/wp-content\/uploads\/2023\/10\/logo-1.png","jetpack_sharing_enabled":true,"jetpack_likes_enabled":true,"_links":{"self":[{"href":"https:\/\/novo.aeermesinde.net\/wp\/wp-json\/wp\/v2\/posts\/3866","targetHints":{"allow":["GET"]}}],"collection":[{"href":"https:\/\/novo.aeermesinde.net\/wp\/wp-json\/wp\/v2\/posts"}],"about":[{"href":"https:\/\/novo.aeermesinde.net\/wp\/wp-json\/wp\/v2\/types\/post"}],"author":[{"embeddable":true,"href":"https:\/\/novo.aeermesinde.net\/wp\/wp-json\/wp\/v2\/users\/1"}],"replies":[{"embeddable":true,"href":"https:\/\/novo.aeermesinde.net\/wp\/wp-json\/wp\/v2\/comments?post=3866"}],"version-history":[{"count":1,"href":"https:\/\/novo.aeermesinde.net\/wp\/wp-json\/wp\/v2\/posts\/3866\/revisions"}],"predecessor-version":[{"id":3867,"href":"https:\/\/novo.aeermesinde.net\/wp\/wp-json\/wp\/v2\/posts\/3866\/revisions\/3867"}],"wp:featuredmedia":[{"embeddable":true,"href":"https:\/\/novo.aeermesinde.net\/wp\/wp-json\/wp\/v2\/media\/3597"}],"wp:attachment":[{"href":"https:\/\/novo.aeermesinde.net\/wp\/wp-json\/wp\/v2\/media?parent=3866"}],"wp:term":[{"taxonomy":"category","embeddable":true,"href":"https:\/\/novo.aeermesinde.net\/wp\/wp-json\/wp\/v2\/categories?post=3866"},{"taxonomy":"post_tag","embeddable":true,"href":"https:\/\/novo.aeermesinde.net\/wp\/wp-json\/wp\/v2\/tags?post=3866"}],"curies":[{"name":"wp","href":"https:\/\/api.w.org\/{rel}","templated":true}]}}