{"id":7407,"date":"2025-05-26T12:24:49","date_gmt":"2025-05-26T12:24:49","guid":{"rendered":"https:\/\/novo.aeermesinde.net\/wp\/?p=7407"},"modified":"2025-05-22T15:47:02","modified_gmt":"2025-05-22T15:47:02","slug":"calendario-das-provas-moda-6o-ano","status":"publish","type":"post","link":"https:\/\/novo.aeermesinde.net\/wp\/calendario-das-provas-moda-6o-ano\/","title":{"rendered":"Calend\u00e1rio das Provas ModA &#8211; 6\u00ba ano"},"content":{"rendered":"\n<figure class=\"wp-block-table\"><table class=\"has-fixed-layout\"><tbody><tr><td class=\"has-text-align-center\" data-align=\"center\"><strong>Dias<\/strong><\/td><td class=\"has-text-align-center\" data-align=\"center\"><strong>Escola<\/strong><\/td><td class=\"has-text-align-center\" data-align=\"center\"><strong>Turno<\/strong><\/td><\/tr><tr><td class=\"has-text-align-center\" data-align=\"center\">21 e 27 de maio e dia 05 de junho<\/td><td class=\"has-text-align-center\" data-align=\"center\">D. ANT\u00d3NIO FERREIRA GOMES<\/td><td class=\"has-text-align-center\" data-align=\"center\">Manh\u00e3<\/td><\/tr><tr><td class=\"has-text-align-center\" data-align=\"center\">21 e 27 de maio e dia 05 de junho<\/td><td class=\"has-text-align-center\" data-align=\"center\">SECUND\u00c1RIA DE ERMESINDE<\/td><td class=\"has-text-align-center\" data-align=\"center\">Tarde<\/td><\/tr><\/tbody><\/table><\/figure>\n\n\n<div class=\"wp-block-image\">\n<figure class=\"aligncenter size-full is-resized\"><img loading=\"lazy\" decoding=\"async\" width=\"414\" height=\"363\" src=\"https:\/\/novo.aeermesinde.net\/wp\/wp-content\/uploads\/2025\/05\/1-10.jpg\" alt=\"\" class=\"wp-image-7411\" style=\"width:692px;height:auto\" srcset=\"https:\/\/novo.aeermesinde.net\/wp\/wp-content\/uploads\/2025\/05\/1-10.jpg 414w, https:\/\/novo.aeermesinde.net\/wp\/wp-content\/uploads\/2025\/05\/1-10-300x263.jpg 300w\" sizes=\"auto, (max-width: 414px) 100vw, 414px\" \/><\/figure>\n<\/div>\n\n<div class=\"wp-block-image\">\n<figure class=\"aligncenter size-full is-resized\"><img loading=\"lazy\" decoding=\"async\" width=\"394\" height=\"396\" src=\"https:\/\/novo.aeermesinde.net\/wp\/wp-content\/uploads\/2025\/05\/2-8.jpg\" alt=\"\" class=\"wp-image-7412\" style=\"width:664px;height:auto\" srcset=\"https:\/\/novo.aeermesinde.net\/wp\/wp-content\/uploads\/2025\/05\/2-8.jpg 394w, https:\/\/novo.aeermesinde.net\/wp\/wp-content\/uploads\/2025\/05\/2-8-298x300.jpg 298w, https:\/\/novo.aeermesinde.net\/wp\/wp-content\/uploads\/2025\/05\/2-8-150x150.jpg 150w\" sizes=\"auto, (max-width: 394px) 100vw, 394px\" \/><\/figure>\n<\/div>","protected":false},"excerpt":{"rendered":"<p>Dias Escola Turno 21 e 27 de maio e dia 05 de junho D. ANT\u00d3NIO FERREIRA GOMES Manh\u00e3 21 e 27 de maio e dia 05 de junho SECUND\u00c1RIA DE ERMESINDE Tarde<\/p>\n","protected":false},"author":1,"featured_media":7408,"comment_status":"open","ping_status":"open","sticky":false,"template":"","format":"standard","meta":{"_jetpack_memberships_contains_paid_content":false,"footnotes":"","jetpack_publicize_message":"","jetpack_publicize_feature_enabled":true,"jetpack_social_post_already_shared":true,"jetpack_social_options":{"image_generator_settings":{"template":"highway","default_image_id":0,"font":"","enabled":false},"version":2}},"categories":[1],"tags":[],"class_list":["post-7407","post","type-post","status-publish","format-standard","has-post-thumbnail","hentry","category-uncategorized"],"jetpack_publicize_connections":[],"jetpack_featured_media_url":"https:\/\/novo.aeermesinde.net\/wp\/wp-content\/uploads\/2025\/05\/capa-provas.jpg","jetpack_sharing_enabled":true,"jetpack_likes_enabled":true,"_links":{"self":[{"href":"https:\/\/novo.aeermesinde.net\/wp\/wp-json\/wp\/v2\/posts\/7407","targetHints":{"allow":["GET"]}}],"collection":[{"href":"https:\/\/novo.aeermesinde.net\/wp\/wp-json\/wp\/v2\/posts"}],"about":[{"href":"https:\/\/novo.aeermesinde.net\/wp\/wp-json\/wp\/v2\/types\/post"}],"author":[{"embeddable":true,"href":"https:\/\/novo.aeermesinde.net\/wp\/wp-json\/wp\/v2\/users\/1"}],"replies":[{"embeddable":true,"href":"https:\/\/novo.aeermesinde.net\/wp\/wp-json\/wp\/v2\/comments?post=7407"}],"version-history":[{"count":2,"href":"https:\/\/novo.aeermesinde.net\/wp\/wp-json\/wp\/v2\/posts\/7407\/revisions"}],"predecessor-version":[{"id":7413,"href":"https:\/\/novo.aeermesinde.net\/wp\/wp-json\/wp\/v2\/posts\/7407\/revisions\/7413"}],"wp:featuredmedia":[{"embeddable":true,"href":"https:\/\/novo.aeermesinde.net\/wp\/wp-json\/wp\/v2\/media\/7408"}],"wp:attachment":[{"href":"https:\/\/novo.aeermesinde.net\/wp\/wp-json\/wp\/v2\/media?parent=7407"}],"wp:term":[{"taxonomy":"category","embeddable":true,"href":"https:\/\/novo.aeermesinde.net\/wp\/wp-json\/wp\/v2\/categories?post=7407"},{"taxonomy":"post_tag","embeddable":true,"href":"https:\/\/novo.aeermesinde.net\/wp\/wp-json\/wp\/v2\/tags?post=7407"}],"curies":[{"name":"wp","href":"https:\/\/api.w.org\/{rel}","templated":true}]}}