{"id":9768,"date":"2025-11-27T11:43:48","date_gmt":"2025-11-27T11:43:48","guid":{"rendered":"https:\/\/novo.aeermesinde.net\/wp\/?p=9768"},"modified":"2025-11-27T11:43:50","modified_gmt":"2025-11-27T11:43:50","slug":"agrupamento-de-escolas-de-ermesinde-no-projeto-de-escolas-piloto-de-alemao-pepa","status":"publish","type":"post","link":"https:\/\/novo.aeermesinde.net\/wp\/agrupamento-de-escolas-de-ermesinde-no-projeto-de-escolas-piloto-de-alemao-pepa\/","title":{"rendered":"Agrupamento de Escolas de Ermesinde no Projeto de Escolas Piloto de Alem\u00e3o (PEPA)"},"content":{"rendered":"\n<h2 class=\"wp-block-heading\"><\/h2>\n\n\n\n<p>As &#8220;escolas PEPA&#8221; s\u00e3o as\u00a0Escolas-Piloto de Alem\u00e3o, um projeto que promove o ensino da l\u00edngua e cultura alem\u00e3s em escolas p\u00fablicas portuguesas. O PEPA \u00e9 uma parceria entre a\u00a0<a href=\"https:\/\/www.google.com\/search?q=Dire%C3%A7%C3%A3o-Geral+da+Educa%C3%A7%C3%A3o+%28DGE%29&amp;rlz=1C1GCEA_enPT1017PT1017&amp;oq=escolas+pepa+alem%C3%A3o&amp;gs_lcrp=EgZjaHJvbWUyBggAEEUYOTIGCAEQRRg9MgYIAhBFGD3SAQg0ODQyajBqN6gCALACAA&amp;sourceid=chrome&amp;ie=UTF-8&amp;mstk=AUtExfDsRV0brl4Eb-EZ2EnGbNnkEmGFSCXw4uyOOk6SJ4srKNeaxzxoZJ2Mm42uKFqafLX_84MLmPLrMhu7NnjipRm1ymrIyeyCCffCbHFgGecMJmeHvcDPao4K-1v7_0yg9twuRKVRxiHGCw0D1TiSBnHCeldcxH2DZKCOfZd_rxF6s8A&amp;csui=3&amp;ved=2ahUKEwjPmceVn5KRAxUyT6QEHczLCz8QgK4QegQIARAC\">Dire\u00e7\u00e3o-Geral da Educa\u00e7\u00e3o (DGE)<\/a>, o\u00a0<a href=\"https:\/\/www.google.com\/search?q=Goethe-Institut&amp;rlz=1C1GCEA_enPT1017PT1017&amp;oq=escolas+pepa+alem%C3%A3o&amp;gs_lcrp=EgZjaHJvbWUyBggAEEUYOTIGCAEQRRg9MgYIAhBFGD3SAQg0ODQyajBqN6gCALACAA&amp;sourceid=chrome&amp;ie=UTF-8&amp;mstk=AUtExfDsRV0brl4Eb-EZ2EnGbNnkEmGFSCXw4uyOOk6SJ4srKNeaxzxoZJ2Mm42uKFqafLX_84MLmPLrMhu7NnjipRm1ymrIyeyCCffCbHFgGecMJmeHvcDPao4K-1v7_0yg9twuRKVRxiHGCw0D1TiSBnHCeldcxH2DZKCOfZd_rxF6s8A&amp;csui=3&amp;ved=2ahUKEwjPmceVn5KRAxUyT6QEHczLCz8QgK4QegQIARAD\">Goethe-Institut<\/a>\u00a0e a\u00a0<a href=\"https:\/\/www.google.com\/search?q=Associa%C3%A7%C3%A3o+Portuguesa+de+Professores+de+Alem%C3%A3o+%28APPA%29&amp;rlz=1C1GCEA_enPT1017PT1017&amp;oq=escolas+pepa+alem%C3%A3o&amp;gs_lcrp=EgZjaHJvbWUyBggAEEUYOTIGCAEQRRg9MgYIAhBFGD3SAQg0ODQyajBqN6gCALACAA&amp;sourceid=chrome&amp;ie=UTF-8&amp;mstk=AUtExfDsRV0brl4Eb-EZ2EnGbNnkEmGFSCXw4uyOOk6SJ4srKNeaxzxoZJ2Mm42uKFqafLX_84MLmPLrMhu7NnjipRm1ymrIyeyCCffCbHFgGecMJmeHvcDPao4K-1v7_0yg9twuRKVRxiHGCw0D1TiSBnHCeldcxH2DZKCOfZd_rxF6s8A&amp;csui=3&amp;ved=2ahUKEwjPmceVn5KRAxUyT6QEHczLCz8QgK4QegQIARAE\">Associa\u00e7\u00e3o Portuguesa de Professores de Alem\u00e3o (APPA)<\/a>, com o objetivo de dinamizar e apoiar uma rede de estabelecimentos de ensino que se destacam no ensino do alem\u00e3o.\u00a0<\/p>\n\n\n\n<p>O Agrupamento de Escolas de Ermesinde continua a destacar-se pela inova\u00e7\u00e3o e pela diversidade da sua oferta educativa. Atrav\u00e9s do Goethe-Institut, foi divulgado o v\u00eddeo oficial de promo\u00e7\u00e3o do PEPA \u2013 Projeto de Escolas Piloto de Alem\u00e3o, iniciativa da qual o nosso Agrupamento participa com enorme orgulho.<\/p>\n\n\n\n<p>O PEPA \u00e9 um projeto nacional que promove o ensino da l\u00edngua alem\u00e3 desde os n\u00edveis iniciais, valorizando compet\u00eancias lingu\u00edsticas e culturais que preparam os alunos para um futuro cada vez mais global e competitivo.<\/p>\n\n\n\n<p class=\"has-medium-font-size\">\ud83c\udfa5 <strong>Veja o v\u00eddeo aqui:<\/strong><em> <strong><a href=\"https:\/\/www.youtube.com\/watch?v=rHieQulFUdQ\" data-type=\"link\" data-id=\"https:\/\/www.youtube.com\/watch?v=rHieQulFUdQ\" target=\"_blank\" rel=\"noreferrer noopener\">ver v\u00eddeo<\/a><\/strong><\/em><\/p>\n\n\n\n<p>Continuamos empenhados em oferecer experi\u00eancias formativas que nos distinguem positivamente e enriquecem a aprendizagem dos nossos alunos.<\/p>\n\n\n<div class=\"wp-block-image\">\n<figure class=\"aligncenter size-full\"><img loading=\"lazy\" decoding=\"async\" width=\"320\" height=\"320\" src=\"https:\/\/novo.aeermesinde.net\/wp\/wp-content\/uploads\/2025\/11\/capa-14.jpg\" alt=\"\" class=\"wp-image-9769\" srcset=\"https:\/\/novo.aeermesinde.net\/wp\/wp-content\/uploads\/2025\/11\/capa-14.jpg 320w, https:\/\/novo.aeermesinde.net\/wp\/wp-content\/uploads\/2025\/11\/capa-14-300x300.jpg 300w, https:\/\/novo.aeermesinde.net\/wp\/wp-content\/uploads\/2025\/11\/capa-14-150x150.jpg 150w\" sizes=\"auto, (max-width: 320px) 100vw, 320px\" \/><\/figure>\n<\/div>","protected":false},"excerpt":{"rendered":"<p>As &#8220;escolas PEPA&#8221; s\u00e3o as\u00a0Escolas-Piloto de Alem\u00e3o, um projeto que promove o ensino da l\u00edngua e cultura alem\u00e3s em escolas p\u00fablicas portuguesas. O PEPA \u00e9 uma parceria entre a\u00a0Dire\u00e7\u00e3o-Geral da Educa\u00e7\u00e3o (DGE), o\u00a0Goethe-Institut\u00a0e a\u00a0Associa\u00e7\u00e3o Portuguesa de Professores de Alem\u00e3o (APPA), <a href=\"https:\/\/novo.aeermesinde.net\/wp\/agrupamento-de-escolas-de-ermesinde-no-projeto-de-escolas-piloto-de-alemao-pepa\/\" class=\"read-more\">Read More &#8230;<\/a><\/p>\n","protected":false},"author":1,"featured_media":9769,"comment_status":"open","ping_status":"open","sticky":false,"template":"","format":"standard","meta":{"_jetpack_memberships_contains_paid_content":false,"footnotes":"","jetpack_publicize_message":"","jetpack_publicize_feature_enabled":true,"jetpack_social_post_already_shared":true,"jetpack_social_options":{"image_generator_settings":{"template":"highway","default_image_id":0,"font":"","enabled":false},"version":2}},"categories":[1],"tags":[],"class_list":["post-9768","post","type-post","status-publish","format-standard","has-post-thumbnail","hentry","category-uncategorized"],"jetpack_publicize_connections":[],"jetpack_featured_media_url":"https:\/\/novo.aeermesinde.net\/wp\/wp-content\/uploads\/2025\/11\/capa-14.jpg","jetpack_sharing_enabled":true,"jetpack_likes_enabled":true,"_links":{"self":[{"href":"https:\/\/novo.aeermesinde.net\/wp\/wp-json\/wp\/v2\/posts\/9768","targetHints":{"allow":["GET"]}}],"collection":[{"href":"https:\/\/novo.aeermesinde.net\/wp\/wp-json\/wp\/v2\/posts"}],"about":[{"href":"https:\/\/novo.aeermesinde.net\/wp\/wp-json\/wp\/v2\/types\/post"}],"author":[{"embeddable":true,"href":"https:\/\/novo.aeermesinde.net\/wp\/wp-json\/wp\/v2\/users\/1"}],"replies":[{"embeddable":true,"href":"https:\/\/novo.aeermesinde.net\/wp\/wp-json\/wp\/v2\/comments?post=9768"}],"version-history":[{"count":1,"href":"https:\/\/novo.aeermesinde.net\/wp\/wp-json\/wp\/v2\/posts\/9768\/revisions"}],"predecessor-version":[{"id":9770,"href":"https:\/\/novo.aeermesinde.net\/wp\/wp-json\/wp\/v2\/posts\/9768\/revisions\/9770"}],"wp:featuredmedia":[{"embeddable":true,"href":"https:\/\/novo.aeermesinde.net\/wp\/wp-json\/wp\/v2\/media\/9769"}],"wp:attachment":[{"href":"https:\/\/novo.aeermesinde.net\/wp\/wp-json\/wp\/v2\/media?parent=9768"}],"wp:term":[{"taxonomy":"category","embeddable":true,"href":"https:\/\/novo.aeermesinde.net\/wp\/wp-json\/wp\/v2\/categories?post=9768"},{"taxonomy":"post_tag","embeddable":true,"href":"https:\/\/novo.aeermesinde.net\/wp\/wp-json\/wp\/v2\/tags?post=9768"}],"curies":[{"name":"wp","href":"https:\/\/api.w.org\/{rel}","templated":true}]}}