{"id":9912,"date":"2025-12-10T21:13:20","date_gmt":"2025-12-10T21:13:20","guid":{"rendered":"https:\/\/novo.aeermesinde.net\/wp\/?p=9912"},"modified":"2025-12-10T21:13:23","modified_gmt":"2025-12-10T21:13:23","slug":"teatro-flor-de-infesta-a-voz-da-montanha","status":"publish","type":"post","link":"https:\/\/novo.aeermesinde.net\/wp\/teatro-flor-de-infesta-a-voz-da-montanha\/","title":{"rendered":"Teatro Flor de Infesta &#8211; &#8220;A Voz da Montanha&#8221;."},"content":{"rendered":"\n<p>A turma do Curso Profissional de A\u00e7\u00e3o Educativa do 12\u00b0ano, foi no dia 10 dezembro at\u00e9 ao Teatro Flor de Infesta em S\u00e3o Mamede Infesta, para assistir \u00e0 pe\u00e7a de teatro &#8220;A Voz da Montanha&#8221;.<\/p>\n\n\n\n<p>Um espet\u00e1culo que abordou temas da juventude e adolesc\u00eancia baseado em casos reais, tocado e cantado ao vivo.&nbsp;Dinamizada pela Escola de Segundas Oportunidades de Matosinhos foi um convite direcionado \u00e0 turma e aceite pelos professores das disciplinas de TPIE, ECDM e Express\u00e3o Pl\u00e1stica que acompanharam os alunos. A experi\u00eancia foi intensa e emotiva agradando a todos os alunos presentes.<\/p>\n\n\n\n<figure class=\"wp-block-gallery has-nested-images columns-default is-cropped wp-block-gallery-1 is-layout-flex wp-block-gallery-is-layout-flex\">\n<figure class=\"wp-block-image size-large\"><img loading=\"lazy\" decoding=\"async\" width=\"505\" height=\"284\" data-id=\"9913\" src=\"https:\/\/novo.aeermesinde.net\/wp\/wp-content\/uploads\/2025\/12\/3-6.jpg\" alt=\"\" class=\"wp-image-9913\" srcset=\"https:\/\/novo.aeermesinde.net\/wp\/wp-content\/uploads\/2025\/12\/3-6.jpg 505w, https:\/\/novo.aeermesinde.net\/wp\/wp-content\/uploads\/2025\/12\/3-6-300x169.jpg 300w\" sizes=\"auto, (max-width: 505px) 100vw, 505px\" \/><\/figure>\n\n\n\n<figure class=\"wp-block-image size-large\"><img loading=\"lazy\" decoding=\"async\" width=\"516\" height=\"311\" data-id=\"9916\" src=\"https:\/\/novo.aeermesinde.net\/wp\/wp-content\/uploads\/2025\/12\/2-7.jpg\" alt=\"\" class=\"wp-image-9916\" srcset=\"https:\/\/novo.aeermesinde.net\/wp\/wp-content\/uploads\/2025\/12\/2-7.jpg 516w, https:\/\/novo.aeermesinde.net\/wp\/wp-content\/uploads\/2025\/12\/2-7-300x181.jpg 300w\" sizes=\"auto, (max-width: 516px) 100vw, 516px\" \/><\/figure>\n\n\n\n<figure class=\"wp-block-image size-large\"><img loading=\"lazy\" decoding=\"async\" width=\"476\" height=\"300\" data-id=\"9914\" src=\"https:\/\/novo.aeermesinde.net\/wp\/wp-content\/uploads\/2025\/12\/1-6.jpg\" alt=\"\" class=\"wp-image-9914\" srcset=\"https:\/\/novo.aeermesinde.net\/wp\/wp-content\/uploads\/2025\/12\/1-6.jpg 476w, https:\/\/novo.aeermesinde.net\/wp\/wp-content\/uploads\/2025\/12\/1-6-300x189.jpg 300w\" sizes=\"auto, (max-width: 476px) 100vw, 476px\" \/><\/figure>\n\n\n\n<figure class=\"wp-block-image size-large\"><img loading=\"lazy\" decoding=\"async\" width=\"721\" height=\"1024\" data-id=\"9915\" src=\"https:\/\/novo.aeermesinde.net\/wp\/wp-content\/uploads\/2025\/12\/1000136320-721x1024.jpg\" alt=\"\" class=\"wp-image-9915\" srcset=\"https:\/\/novo.aeermesinde.net\/wp\/wp-content\/uploads\/2025\/12\/1000136320-721x1024.jpg 721w, https:\/\/novo.aeermesinde.net\/wp\/wp-content\/uploads\/2025\/12\/1000136320-211x300.jpg 211w, https:\/\/novo.aeermesinde.net\/wp\/wp-content\/uploads\/2025\/12\/1000136320-768x1090.jpg 768w, https:\/\/novo.aeermesinde.net\/wp\/wp-content\/uploads\/2025\/12\/1000136320.jpg 1082w\" sizes=\"auto, (max-width: 721px) 100vw, 721px\" \/><\/figure>\n<\/figure>\n","protected":false},"excerpt":{"rendered":"<p>A turma do Curso Profissional de A\u00e7\u00e3o Educativa do 12\u00b0ano, foi no dia 10 dezembro at\u00e9 ao Teatro Flor de Infesta em S\u00e3o Mamede Infesta, para assistir \u00e0 pe\u00e7a de teatro &#8220;A Voz da Montanha&#8221;. Um espet\u00e1culo que abordou temas <a href=\"https:\/\/novo.aeermesinde.net\/wp\/teatro-flor-de-infesta-a-voz-da-montanha\/\" class=\"read-more\">Read More &#8230;<\/a><\/p>\n","protected":false},"author":1,"featured_media":9917,"comment_status":"open","ping_status":"open","sticky":false,"template":"","format":"standard","meta":{"_jetpack_memberships_contains_paid_content":false,"footnotes":"","jetpack_publicize_message":"","jetpack_publicize_feature_enabled":true,"jetpack_social_post_already_shared":true,"jetpack_social_options":{"image_generator_settings":{"template":"highway","default_image_id":0,"font":"","enabled":false},"version":2}},"categories":[1],"tags":[],"class_list":["post-9912","post","type-post","status-publish","format-standard","has-post-thumbnail","hentry","category-uncategorized"],"jetpack_publicize_connections":[],"jetpack_featured_media_url":"https:\/\/novo.aeermesinde.net\/wp\/wp-content\/uploads\/2025\/12\/capa-11.jpg","jetpack_sharing_enabled":true,"jetpack_likes_enabled":true,"_links":{"self":[{"href":"https:\/\/novo.aeermesinde.net\/wp\/wp-json\/wp\/v2\/posts\/9912","targetHints":{"allow":["GET"]}}],"collection":[{"href":"https:\/\/novo.aeermesinde.net\/wp\/wp-json\/wp\/v2\/posts"}],"about":[{"href":"https:\/\/novo.aeermesinde.net\/wp\/wp-json\/wp\/v2\/types\/post"}],"author":[{"embeddable":true,"href":"https:\/\/novo.aeermesinde.net\/wp\/wp-json\/wp\/v2\/users\/1"}],"replies":[{"embeddable":true,"href":"https:\/\/novo.aeermesinde.net\/wp\/wp-json\/wp\/v2\/comments?post=9912"}],"version-history":[{"count":1,"href":"https:\/\/novo.aeermesinde.net\/wp\/wp-json\/wp\/v2\/posts\/9912\/revisions"}],"predecessor-version":[{"id":9918,"href":"https:\/\/novo.aeermesinde.net\/wp\/wp-json\/wp\/v2\/posts\/9912\/revisions\/9918"}],"wp:featuredmedia":[{"embeddable":true,"href":"https:\/\/novo.aeermesinde.net\/wp\/wp-json\/wp\/v2\/media\/9917"}],"wp:attachment":[{"href":"https:\/\/novo.aeermesinde.net\/wp\/wp-json\/wp\/v2\/media?parent=9912"}],"wp:term":[{"taxonomy":"category","embeddable":true,"href":"https:\/\/novo.aeermesinde.net\/wp\/wp-json\/wp\/v2\/categories?post=9912"},{"taxonomy":"post_tag","embeddable":true,"href":"https:\/\/novo.aeermesinde.net\/wp\/wp-json\/wp\/v2\/tags?post=9912"}],"curies":[{"name":"wp","href":"https:\/\/api.w.org\/{rel}","templated":true}]}}