{"id":9993,"date":"2025-12-17T14:21:04","date_gmt":"2025-12-17T14:21:04","guid":{"rendered":"https:\/\/novo.aeermesinde.net\/wp\/?p=9993"},"modified":"2025-12-17T14:21:08","modified_gmt":"2025-12-17T14:21:08","slug":"curso-profissional-tecnico-de-eletronica-medica-visita-de-estudo-a-agueda","status":"publish","type":"post","link":"https:\/\/novo.aeermesinde.net\/wp\/curso-profissional-tecnico-de-eletronica-medica-visita-de-estudo-a-agueda\/","title":{"rendered":"Curso Profissional T\u00e9cnico de Eletr\u00f3nica M\u00e9dica\u00a0 &#8211; Visita de estudo a \u00c1gueda"},"content":{"rendered":"\n<p>No dia&nbsp;<strong>16 de dezembro<\/strong>, os alunos do&nbsp;<strong>Curso Profissional T\u00e9cnico de Eletr\u00f3nica M\u00e9dica<\/strong>&nbsp;da&nbsp;<strong>Escola Secund\u00e1ria de Ermesinde<\/strong>&nbsp;realizaram uma&nbsp;<strong>visita de estudo a \u00c1gueda<\/strong>, com passagem pelas empresas&nbsp;<strong>Indelague<\/strong>&nbsp;e&nbsp;<strong>HFA<\/strong>.<\/p>\n\n\n\n<p>Esta iniciativa teve como principal objetivo&nbsp;<strong>aproximar os alunos do contexto real do setor industrial e tecnol\u00f3gico<\/strong>, permitindo-lhes observar de perto os processos de produ\u00e7\u00e3o, organiza\u00e7\u00e3o empresarial e aplica\u00e7\u00e3o pr\u00e1tica dos conhecimentos adquiridos em sala de aula. Ao longo da visita, os alunos tiveram oportunidade de conhecer diferentes \u00e1reas de atua\u00e7\u00e3o das empresas, esclarecer d\u00favidas e contactar com profissionais experientes, enriquecendo a sua forma\u00e7\u00e3o t\u00e9cnica e profissional.<\/p>\n\n\n\n<p>A visita revelou-se uma experi\u00eancia&nbsp;<strong>altamente positiva e motivadora<\/strong>, contribuindo para o desenvolvimento de compet\u00eancias t\u00e9cnicas, sociais e profissionais fundamentais para o futuro percurso dos alunos.<\/p>\n\n\n\n<p>A\u00a0<strong>Escola Secund\u00e1ria de Ermesinde<\/strong>\u00a0agradece \u00e0s empresas\u00a0<strong>Indelague<\/strong>\u00a0e\u00a0<strong>HFA<\/strong>\u00a0pela excelente rece\u00e7\u00e3o, disponibilidade e partilha de conhecimento, que tornaram esta atividade um momento de aprendizagem significativo e inspirador.<\/p>\n\n\n\n<figure class=\"wp-block-gallery has-nested-images columns-default is-cropped wp-block-gallery-1 is-layout-flex wp-block-gallery-is-layout-flex\">\n<figure class=\"wp-block-image size-large\"><img loading=\"lazy\" decoding=\"async\" width=\"330\" height=\"291\" data-id=\"9994\" src=\"https:\/\/novo.aeermesinde.net\/wp\/wp-content\/uploads\/2025\/12\/capa-18.jpg\" alt=\"\" class=\"wp-image-9994\" srcset=\"https:\/\/novo.aeermesinde.net\/wp\/wp-content\/uploads\/2025\/12\/capa-18.jpg 330w, https:\/\/novo.aeermesinde.net\/wp\/wp-content\/uploads\/2025\/12\/capa-18-300x265.jpg 300w\" sizes=\"auto, (max-width: 330px) 100vw, 330px\" \/><\/figure>\n\n\n\n<figure class=\"wp-block-image size-large\"><img loading=\"lazy\" decoding=\"async\" width=\"1010\" height=\"533\" data-id=\"9995\" src=\"https:\/\/novo.aeermesinde.net\/wp\/wp-content\/uploads\/2025\/12\/2-12.jpg\" alt=\"\" class=\"wp-image-9995\" srcset=\"https:\/\/novo.aeermesinde.net\/wp\/wp-content\/uploads\/2025\/12\/2-12.jpg 1010w, https:\/\/novo.aeermesinde.net\/wp\/wp-content\/uploads\/2025\/12\/2-12-300x158.jpg 300w, https:\/\/novo.aeermesinde.net\/wp\/wp-content\/uploads\/2025\/12\/2-12-768x405.jpg 768w\" sizes=\"auto, (max-width: 1010px) 100vw, 1010px\" \/><\/figure>\n\n\n\n<figure class=\"wp-block-image size-large\"><img loading=\"lazy\" decoding=\"async\" width=\"996\" height=\"454\" data-id=\"9996\" src=\"https:\/\/novo.aeermesinde.net\/wp\/wp-content\/uploads\/2025\/12\/1-11.jpg\" alt=\"\" class=\"wp-image-9996\" srcset=\"https:\/\/novo.aeermesinde.net\/wp\/wp-content\/uploads\/2025\/12\/1-11.jpg 996w, https:\/\/novo.aeermesinde.net\/wp\/wp-content\/uploads\/2025\/12\/1-11-300x137.jpg 300w, https:\/\/novo.aeermesinde.net\/wp\/wp-content\/uploads\/2025\/12\/1-11-768x350.jpg 768w\" sizes=\"auto, (max-width: 996px) 100vw, 996px\" \/><\/figure>\n<\/figure>\n","protected":false},"excerpt":{"rendered":"<p>No dia&nbsp;16 de dezembro, os alunos do&nbsp;Curso Profissional T\u00e9cnico de Eletr\u00f3nica M\u00e9dica&nbsp;da&nbsp;Escola Secund\u00e1ria de Ermesinde&nbsp;realizaram uma&nbsp;visita de estudo a \u00c1gueda, com passagem pelas empresas&nbsp;Indelague&nbsp;e&nbsp;HFA. Esta iniciativa teve como principal objetivo&nbsp;aproximar os alunos do contexto real do setor industrial e tecnol\u00f3gico, <a href=\"https:\/\/novo.aeermesinde.net\/wp\/curso-profissional-tecnico-de-eletronica-medica-visita-de-estudo-a-agueda\/\" class=\"read-more\">Read More &#8230;<\/a><\/p>\n","protected":false},"author":1,"featured_media":9994,"comment_status":"open","ping_status":"open","sticky":false,"template":"","format":"standard","meta":{"_jetpack_memberships_contains_paid_content":false,"footnotes":"","jetpack_publicize_message":"","jetpack_publicize_feature_enabled":true,"jetpack_social_post_already_shared":true,"jetpack_social_options":{"image_generator_settings":{"template":"highway","default_image_id":0,"font":"","enabled":false},"version":2}},"categories":[1],"tags":[],"class_list":["post-9993","post","type-post","status-publish","format-standard","has-post-thumbnail","hentry","category-uncategorized"],"jetpack_publicize_connections":[],"jetpack_featured_media_url":"https:\/\/novo.aeermesinde.net\/wp\/wp-content\/uploads\/2025\/12\/capa-18.jpg","jetpack_sharing_enabled":true,"jetpack_likes_enabled":true,"_links":{"self":[{"href":"https:\/\/novo.aeermesinde.net\/wp\/wp-json\/wp\/v2\/posts\/9993","targetHints":{"allow":["GET"]}}],"collection":[{"href":"https:\/\/novo.aeermesinde.net\/wp\/wp-json\/wp\/v2\/posts"}],"about":[{"href":"https:\/\/novo.aeermesinde.net\/wp\/wp-json\/wp\/v2\/types\/post"}],"author":[{"embeddable":true,"href":"https:\/\/novo.aeermesinde.net\/wp\/wp-json\/wp\/v2\/users\/1"}],"replies":[{"embeddable":true,"href":"https:\/\/novo.aeermesinde.net\/wp\/wp-json\/wp\/v2\/comments?post=9993"}],"version-history":[{"count":1,"href":"https:\/\/novo.aeermesinde.net\/wp\/wp-json\/wp\/v2\/posts\/9993\/revisions"}],"predecessor-version":[{"id":9997,"href":"https:\/\/novo.aeermesinde.net\/wp\/wp-json\/wp\/v2\/posts\/9993\/revisions\/9997"}],"wp:featuredmedia":[{"embeddable":true,"href":"https:\/\/novo.aeermesinde.net\/wp\/wp-json\/wp\/v2\/media\/9994"}],"wp:attachment":[{"href":"https:\/\/novo.aeermesinde.net\/wp\/wp-json\/wp\/v2\/media?parent=9993"}],"wp:term":[{"taxonomy":"category","embeddable":true,"href":"https:\/\/novo.aeermesinde.net\/wp\/wp-json\/wp\/v2\/categories?post=9993"},{"taxonomy":"post_tag","embeddable":true,"href":"https:\/\/novo.aeermesinde.net\/wp\/wp-json\/wp\/v2\/tags?post=9993"}],"curies":[{"name":"wp","href":"https:\/\/api.w.org\/{rel}","templated":true}]}}